{"id":40131,"date":"2018-09-13T10:53:21","date_gmt":"2018-09-13T13:53:21","guid":{"rendered":"https:\/\/eldiariodesanpedro.com.ar\/sitio\/?p=40131"},"modified":"2018-09-13T10:53:21","modified_gmt":"2018-09-13T13:53:21","slug":"le-arrebataron-la-cartera-a-una-mujer","status":"publish","type":"post","link":"https:\/\/eldiariodesanpedro.com.ar\/sitio\/le-arrebataron-la-cartera-a-una-mujer\/","title":{"rendered":"Le arrebataron la cartera a una mujer"},"content":{"rendered":"<p><!-- VideographyWP Plugin Message: Automatic video embedding prevented by plugin options. --><br \/>\nEn la ma\u00f1ana del mi\u00e9rcoles se recibi\u00f3 la denuncia de una mujer quien sufriera un hecho de hurto.<\/p>\n<p>En la comisar\u00eda de nuestra ciudad una mujer mayor de edad realizo una denuncia donde declar\u00f3 que alrededor de las 09:45 hs de este mi\u00e9rcoles mientras se encontraba caminando por calle Saavedra al 1800 es abordada por un individuo que se movilizaba a pie quien le despoja de su cartera y se da a la fuga corriendo perdi\u00e9ndose de vista.<\/p>\n<p>Afortunadamente la femenina result\u00f3 ilesa y el hecho en\u00e7s investigado por la fiscal\u00eda de turno.<\/p>\n","protected":false},"excerpt":{"rendered":"<p>En la ma\u00f1ana del mi\u00e9rcoles se recibi\u00f3 la denuncia de una mujer quien sufriera un hecho de hurto. En la comisar\u00eda de nuestra ciudad una mujer mayor de edad realizo una denuncia donde declar\u00f3 que alrededor de las 09:45 hs de este mi\u00e9rcoles mientras se encontraba caminando por calle Saavedra al 1800 es abordada por [&hellip;]<\/p>\n","protected":false},"author":4,"featured_media":14681,"comment_status":"open","ping_status":"closed","sticky":false,"template":"","format":"standard","meta":{"om_disable_all_campaigns":false,"_jetpack_memberships_contains_paid_content":false,"footnotes":""},"categories":[2,103],"tags":[],"class_list":["post-40131","post","type-post","status-publish","format-standard","has-post-thumbnail","hentry","category-locales","category-policiales-locales"],"aioseo_notices":[],"gutentor_comment":0,"jetpack_featured_media_url":"https:\/\/eldiariodesanpedro.com.ar\/sitio\/wp-content\/uploads\/2017\/02\/arrebato.jpg","jetpack_shortlink":"https:\/\/wp.me\/p6RhLt-arh","jetpack_sharing_enabled":true,"_links":{"self":[{"href":"https:\/\/eldiariodesanpedro.com.ar\/sitio\/wp-json\/wp\/v2\/posts\/40131","targetHints":{"allow":["GET"]}}],"collection":[{"href":"https:\/\/eldiariodesanpedro.com.ar\/sitio\/wp-json\/wp\/v2\/posts"}],"about":[{"href":"https:\/\/eldiariodesanpedro.com.ar\/sitio\/wp-json\/wp\/v2\/types\/post"}],"author":[{"embeddable":true,"href":"https:\/\/eldiariodesanpedro.com.ar\/sitio\/wp-json\/wp\/v2\/users\/4"}],"replies":[{"embeddable":true,"href":"https:\/\/eldiariodesanpedro.com.ar\/sitio\/wp-json\/wp\/v2\/comments?post=40131"}],"version-history":[{"count":1,"href":"https:\/\/eldiariodesanpedro.com.ar\/sitio\/wp-json\/wp\/v2\/posts\/40131\/revisions"}],"predecessor-version":[{"id":40132,"href":"https:\/\/eldiariodesanpedro.com.ar\/sitio\/wp-json\/wp\/v2\/posts\/40131\/revisions\/40132"}],"wp:featuredmedia":[{"embeddable":true,"href":"https:\/\/eldiariodesanpedro.com.ar\/sitio\/wp-json\/wp\/v2\/media\/14681"}],"wp:attachment":[{"href":"https:\/\/eldiariodesanpedro.com.ar\/sitio\/wp-json\/wp\/v2\/media?parent=40131"}],"wp:term":[{"taxonomy":"category","embeddable":true,"href":"https:\/\/eldiariodesanpedro.com.ar\/sitio\/wp-json\/wp\/v2\/categories?post=40131"},{"taxonomy":"post_tag","embeddable":true,"href":"https:\/\/eldiariodesanpedro.com.ar\/sitio\/wp-json\/wp\/v2\/tags?post=40131"}],"curies":[{"name":"wp","href":"https:\/\/api.w.org\/{rel}","templated":true}]}}