{"id":40129,"date":"2018-09-13T10:46:10","date_gmt":"2018-09-13T13:46:10","guid":{"rendered":"https:\/\/eldiariodesanpedro.com.ar\/sitio\/?p=40129"},"modified":"2018-09-13T10:46:10","modified_gmt":"2018-09-13T13:46:10","slug":"se-secuestro-un-acoplado-con-patentes-apocrifas","status":"publish","type":"post","link":"https:\/\/eldiariodesanpedro.com.ar\/sitio\/se-secuestro-un-acoplado-con-patentes-apocrifas\/","title":{"rendered":"Se secuestro un acoplado con patentes ap\u00f3crifas"},"content":{"rendered":"<p><!-- VideographyWP Plugin Message: Automatic video embedding prevented by plugin options. --><br \/>\nSe realizaron operativos en el acceso a la ciudad sobre la ruta 1001 donde se realiz\u00f3 el secuestro de un acoplado.<\/p>\n<p>En horas de la tarde de este jueves en el marco de operativos continuos por el personal de vialidad y efectivos de nuestra ciudad se realizaron controles en el acceso a la localidad de R\u00edo Tala y Ruta 1001.<\/p>\n<p>Se secuestr\u00f3 un acoplado teniendo en cuenta que las chapas patentes que pose\u00eda eran ap\u00f3crifas, el mismo era arrastrado por un cami\u00f3n tractor conducido por un ciudadano de 42 a\u00f1os oriundo de nuestra ciudad.<\/p>\n<p>El rodado fue secuestrado y trasladado al dep\u00f3sito de inspecci\u00f3n general quedando a disposici\u00f3n del juzgado de faltas.<\/p>\n","protected":false},"excerpt":{"rendered":"<p>Se realizaron operativos en el acceso a la ciudad sobre la ruta 1001 donde se realiz\u00f3 el secuestro de un acoplado. En horas de la tarde de este jueves en el marco de operativos continuos por el personal de vialidad y efectivos de nuestra ciudad se realizaron controles en el acceso a la localidad de [&hellip;]<\/p>\n","protected":false},"author":4,"featured_media":28505,"comment_status":"open","ping_status":"closed","sticky":false,"template":"","format":"standard","meta":{"om_disable_all_campaigns":false,"_jetpack_memberships_contains_paid_content":false,"footnotes":""},"categories":[2,103],"tags":[],"class_list":["post-40129","post","type-post","status-publish","format-standard","has-post-thumbnail","hentry","category-locales","category-policiales-locales"],"aioseo_notices":[],"gutentor_comment":0,"jetpack_featured_media_url":"https:\/\/eldiariodesanpedro.com.ar\/sitio\/wp-content\/uploads\/2018\/01\/control-transito.jpg","jetpack_shortlink":"https:\/\/wp.me\/p6RhLt-arf","jetpack_sharing_enabled":true,"_links":{"self":[{"href":"https:\/\/eldiariodesanpedro.com.ar\/sitio\/wp-json\/wp\/v2\/posts\/40129","targetHints":{"allow":["GET"]}}],"collection":[{"href":"https:\/\/eldiariodesanpedro.com.ar\/sitio\/wp-json\/wp\/v2\/posts"}],"about":[{"href":"https:\/\/eldiariodesanpedro.com.ar\/sitio\/wp-json\/wp\/v2\/types\/post"}],"author":[{"embeddable":true,"href":"https:\/\/eldiariodesanpedro.com.ar\/sitio\/wp-json\/wp\/v2\/users\/4"}],"replies":[{"embeddable":true,"href":"https:\/\/eldiariodesanpedro.com.ar\/sitio\/wp-json\/wp\/v2\/comments?post=40129"}],"version-history":[{"count":1,"href":"https:\/\/eldiariodesanpedro.com.ar\/sitio\/wp-json\/wp\/v2\/posts\/40129\/revisions"}],"predecessor-version":[{"id":40130,"href":"https:\/\/eldiariodesanpedro.com.ar\/sitio\/wp-json\/wp\/v2\/posts\/40129\/revisions\/40130"}],"wp:featuredmedia":[{"embeddable":true,"href":"https:\/\/eldiariodesanpedro.com.ar\/sitio\/wp-json\/wp\/v2\/media\/28505"}],"wp:attachment":[{"href":"https:\/\/eldiariodesanpedro.com.ar\/sitio\/wp-json\/wp\/v2\/media?parent=40129"}],"wp:term":[{"taxonomy":"category","embeddable":true,"href":"https:\/\/eldiariodesanpedro.com.ar\/sitio\/wp-json\/wp\/v2\/categories?post=40129"},{"taxonomy":"post_tag","embeddable":true,"href":"https:\/\/eldiariodesanpedro.com.ar\/sitio\/wp-json\/wp\/v2\/tags?post=40129"}],"curies":[{"name":"wp","href":"https:\/\/api.w.org\/{rel}","templated":true}]}}