{"id":40127,"date":"2018-09-13T10:36:02","date_gmt":"2018-09-13T13:36:02","guid":{"rendered":"https:\/\/eldiariodesanpedro.com.ar\/sitio\/?p=40127"},"modified":"2018-09-13T10:36:02","modified_gmt":"2018-09-13T13:36:02","slug":"se-aprehende-una-persona-con-marihuana","status":"publish","type":"post","link":"https:\/\/eldiariodesanpedro.com.ar\/sitio\/se-aprehende-una-persona-con-marihuana\/","title":{"rendered":"Se aprehende una persona con marihuana"},"content":{"rendered":"<p><!-- VideographyWP Plugin Message: Automatic video embedding prevented by plugin options. --><br \/>\nEn horas de la tarde del pasado mi\u00e9rcoles se aprehendi\u00f3 a una persona por tenencia ilegal de estupefacientes.<\/p>\n<p>Cercanas las 16 hs en Av. Espa\u00f1a en la zona de la costanera de nuestra ciudad efectivos de la polic\u00eda de nuestra ciudad en conjunto con el GAD realizaron la aprehensi\u00f3n de un joven de 18 a\u00f1os de edad quien circulaba en una motocicleta Gilera Smash 110 cc de la cual carec\u00eda de papeles.<\/p>\n<p>Adem\u00e1s al realizar el correspondiente cacheo se pudo detectar entre sus prendas de un bagullo de Marihuana compactada.<\/p>\n<p>El joven fue aprehendido y trasladado a la comisaria local quedando en manos de la fiscal\u00eda de turno, por su parte la motocicleta fue secuestrada y trasladada al dep\u00f3sito municipal quedando en a cargo del tribunal de faltas.<\/p>\n","protected":false},"excerpt":{"rendered":"<p>En horas de la tarde del pasado mi\u00e9rcoles se aprehendi\u00f3 a una persona por tenencia ilegal de estupefacientes. Cercanas las 16 hs en Av. Espa\u00f1a en la zona de la costanera de nuestra ciudad efectivos de la polic\u00eda de nuestra ciudad en conjunto con el GAD realizaron la aprehensi\u00f3n de un joven de 18 a\u00f1os [&hellip;]<\/p>\n","protected":false},"author":4,"featured_media":31829,"comment_status":"open","ping_status":"closed","sticky":false,"template":"","format":"standard","meta":{"om_disable_all_campaigns":false,"_jetpack_memberships_contains_paid_content":false,"footnotes":""},"categories":[2,103],"tags":[],"class_list":["post-40127","post","type-post","status-publish","format-standard","has-post-thumbnail","hentry","category-locales","category-policiales-locales"],"aioseo_notices":[],"gutentor_comment":0,"jetpack_featured_media_url":"https:\/\/eldiariodesanpedro.com.ar\/sitio\/wp-content\/uploads\/2018\/04\/detenido_658x400_0.jpg","jetpack_shortlink":"https:\/\/wp.me\/p6RhLt-ard","jetpack_sharing_enabled":true,"_links":{"self":[{"href":"https:\/\/eldiariodesanpedro.com.ar\/sitio\/wp-json\/wp\/v2\/posts\/40127","targetHints":{"allow":["GET"]}}],"collection":[{"href":"https:\/\/eldiariodesanpedro.com.ar\/sitio\/wp-json\/wp\/v2\/posts"}],"about":[{"href":"https:\/\/eldiariodesanpedro.com.ar\/sitio\/wp-json\/wp\/v2\/types\/post"}],"author":[{"embeddable":true,"href":"https:\/\/eldiariodesanpedro.com.ar\/sitio\/wp-json\/wp\/v2\/users\/4"}],"replies":[{"embeddable":true,"href":"https:\/\/eldiariodesanpedro.com.ar\/sitio\/wp-json\/wp\/v2\/comments?post=40127"}],"version-history":[{"count":1,"href":"https:\/\/eldiariodesanpedro.com.ar\/sitio\/wp-json\/wp\/v2\/posts\/40127\/revisions"}],"predecessor-version":[{"id":40128,"href":"https:\/\/eldiariodesanpedro.com.ar\/sitio\/wp-json\/wp\/v2\/posts\/40127\/revisions\/40128"}],"wp:featuredmedia":[{"embeddable":true,"href":"https:\/\/eldiariodesanpedro.com.ar\/sitio\/wp-json\/wp\/v2\/media\/31829"}],"wp:attachment":[{"href":"https:\/\/eldiariodesanpedro.com.ar\/sitio\/wp-json\/wp\/v2\/media?parent=40127"}],"wp:term":[{"taxonomy":"category","embeddable":true,"href":"https:\/\/eldiariodesanpedro.com.ar\/sitio\/wp-json\/wp\/v2\/categories?post=40127"},{"taxonomy":"post_tag","embeddable":true,"href":"https:\/\/eldiariodesanpedro.com.ar\/sitio\/wp-json\/wp\/v2\/tags?post=40127"}],"curies":[{"name":"wp","href":"https:\/\/api.w.org\/{rel}","templated":true}]}}