{"id":40124,"date":"2018-09-13T10:17:06","date_gmt":"2018-09-13T13:17:06","guid":{"rendered":"https:\/\/eldiariodesanpedro.com.ar\/sitio\/?p=40124"},"modified":"2018-09-13T10:17:06","modified_gmt":"2018-09-13T13:17:06","slug":"reuniones-convenios-y-capacitacion-para-habilitar-el-gas-en-santa-lucia-y-doyle","status":"publish","type":"post","link":"https:\/\/eldiariodesanpedro.com.ar\/sitio\/reuniones-convenios-y-capacitacion-para-habilitar-el-gas-en-santa-lucia-y-doyle\/","title":{"rendered":"Reuniones, convenios y capacitaci\u00f3n para habilitar el gas en Santa Luc\u00eda y Doyle"},"content":{"rendered":"<p><!-- VideographyWP Plugin Message: Automatic video embedding prevented by plugin options. --><br \/>\nCumpliendo el diagrama anunciado en una conferencia de prensa junto al Intendente Salazar hace algunas semanas, representantes de Buenos Aires Gas Sociedad An\u00f3nima (BAGSA) compartieron este mi\u00e9rcoles una recorrida por la planta reductora que ha sido construida en Santa Luc\u00eda para comenzar a suministrar el servicio a esa localidad y Pueblo Doyle. <\/p>\n<p>La visita de los representantes de la empresa encabezados por el Ingeniero Daniel Herbalejo Gerente de Distribuci\u00f3n de la compa\u00f1\u00eda sirvi\u00f3 tambi\u00e9n para avanzar capacitaciones t\u00e9cnicas para el personal que trabajar\u00e1 en este tema.<\/p>\n<p>El Subsecretario de Desarrollo Econ\u00f3mico Alfredo Camilletti y el Coordinador de Producci\u00f3n Hugo Ram\u00edrez acompa\u00f1aron esta recorrida en la que se mostraron las condiciones t\u00e9cnicas y de seguridad con las cuenta la planta reductora con doble entrada y salida del combustible para optimizar sus posibilidades de operaci\u00f3n y al mismo tiempo siete etapas de controles de seguridad que maximizan su confiabilidad. <\/p>\n<p>Hace pocos d\u00edas se firm\u00f3 el convenio con la Cooperativa de Santa Luc\u00eda que comenzar\u00e1 a recibir los tr\u00e1mites de los vecinos que requieran el servicio y en esta visita  tambi\u00e9n participaron representantes de la Cooperativa de R\u00edo Tala que se encamina hacia una operatoria similar en breve.<\/p>\n","protected":false},"excerpt":{"rendered":"<p>Cumpliendo el diagrama anunciado en una conferencia de prensa junto al Intendente Salazar hace algunas semanas, representantes de Buenos Aires Gas Sociedad An\u00f3nima (BAGSA) compartieron este mi\u00e9rcoles una recorrida por la planta reductora que ha sido construida en Santa Luc\u00eda para comenzar a suministrar el servicio a esa localidad y Pueblo Doyle. La visita de [&hellip;]<\/p>\n","protected":false},"author":4,"featured_media":40125,"comment_status":"open","ping_status":"closed","sticky":false,"template":"","format":"standard","meta":{"om_disable_all_campaigns":false,"_jetpack_memberships_contains_paid_content":false,"footnotes":""},"categories":[101,2],"tags":[],"class_list":["post-40124","post","type-post","status-publish","format-standard","has-post-thumbnail","hentry","category-interes-general-locales","category-locales"],"aioseo_notices":[],"gutentor_comment":0,"jetpack_featured_media_url":"https:\/\/eldiariodesanpedro.com.ar\/sitio\/wp-content\/uploads\/2018\/09\/pastedImage-4.png","jetpack_shortlink":"https:\/\/wp.me\/p6RhLt-ara","jetpack_sharing_enabled":true,"_links":{"self":[{"href":"https:\/\/eldiariodesanpedro.com.ar\/sitio\/wp-json\/wp\/v2\/posts\/40124","targetHints":{"allow":["GET"]}}],"collection":[{"href":"https:\/\/eldiariodesanpedro.com.ar\/sitio\/wp-json\/wp\/v2\/posts"}],"about":[{"href":"https:\/\/eldiariodesanpedro.com.ar\/sitio\/wp-json\/wp\/v2\/types\/post"}],"author":[{"embeddable":true,"href":"https:\/\/eldiariodesanpedro.com.ar\/sitio\/wp-json\/wp\/v2\/users\/4"}],"replies":[{"embeddable":true,"href":"https:\/\/eldiariodesanpedro.com.ar\/sitio\/wp-json\/wp\/v2\/comments?post=40124"}],"version-history":[{"count":1,"href":"https:\/\/eldiariodesanpedro.com.ar\/sitio\/wp-json\/wp\/v2\/posts\/40124\/revisions"}],"predecessor-version":[{"id":40126,"href":"https:\/\/eldiariodesanpedro.com.ar\/sitio\/wp-json\/wp\/v2\/posts\/40124\/revisions\/40126"}],"wp:featuredmedia":[{"embeddable":true,"href":"https:\/\/eldiariodesanpedro.com.ar\/sitio\/wp-json\/wp\/v2\/media\/40125"}],"wp:attachment":[{"href":"https:\/\/eldiariodesanpedro.com.ar\/sitio\/wp-json\/wp\/v2\/media?parent=40124"}],"wp:term":[{"taxonomy":"category","embeddable":true,"href":"https:\/\/eldiariodesanpedro.com.ar\/sitio\/wp-json\/wp\/v2\/categories?post=40124"},{"taxonomy":"post_tag","embeddable":true,"href":"https:\/\/eldiariodesanpedro.com.ar\/sitio\/wp-json\/wp\/v2\/tags?post=40124"}],"curies":[{"name":"wp","href":"https:\/\/api.w.org\/{rel}","templated":true}]}}