{"id":40121,"date":"2018-09-13T09:58:38","date_gmt":"2018-09-13T12:58:38","guid":{"rendered":"https:\/\/eldiariodesanpedro.com.ar\/sitio\/?p=40121"},"modified":"2018-09-13T09:58:38","modified_gmt":"2018-09-13T12:58:38","slug":"accidente-en-las-primeras-horas-de-este-jueves","status":"publish","type":"post","link":"https:\/\/eldiariodesanpedro.com.ar\/sitio\/accidente-en-las-primeras-horas-de-este-jueves\/","title":{"rendered":"Accidente en las primeras horas de este jueves"},"content":{"rendered":"<p><!-- VideographyWP Plugin Message: Automatic video embedding prevented by plugin options. --><br \/>\nComo ocurre habitualmente se produjo un nuevo accidente de tr\u00e1nsito en el que se ve involucrado una motocicleta.<\/p>\n<p>Este jueves en horas de la ma\u00f1ana pasadas las 8 hs ocurri\u00f3 un accidente de transito en Pellegrini y B. Urraco, entre un autom\u00f3vil Citroen C4 color rojo y un ciclomotor tipo scooter marca Zanella 150 cc. Por causas que se tratan de establecer, un el autom\u00f3vil colision\u00f3 a la moto en la que se dirig\u00eda un hombre mayor.<\/p>\n<p>La informaci\u00f3n preliminar indica que sufri\u00f3 lesiones caratuladas como leves, siendo trasladado por una ambulancia del SAME al Hospital de nuestra ciudad para su atenci\u00f3n.<\/p>\n","protected":false},"excerpt":{"rendered":"<p>Como ocurre habitualmente se produjo un nuevo accidente de tr\u00e1nsito en el que se ve involucrado una motocicleta. Este jueves en horas de la ma\u00f1ana pasadas las 8 hs ocurri\u00f3 un accidente de transito en Pellegrini y B. Urraco, entre un autom\u00f3vil Citroen C4 color rojo y un ciclomotor tipo scooter marca Zanella 150 cc. [&hellip;]<\/p>\n","protected":false},"author":4,"featured_media":40122,"comment_status":"open","ping_status":"closed","sticky":false,"template":"","format":"standard","meta":{"om_disable_all_campaigns":false,"_jetpack_memberships_contains_paid_content":false,"footnotes":""},"categories":[2,103],"tags":[],"class_list":["post-40121","post","type-post","status-publish","format-standard","has-post-thumbnail","hentry","category-locales","category-policiales-locales"],"aioseo_notices":[],"gutentor_comment":0,"jetpack_featured_media_url":"https:\/\/eldiariodesanpedro.com.ar\/sitio\/wp-content\/uploads\/2018\/09\/WhatsApp-Image-2018-09-13-at-09.51.42.jpeg","jetpack_shortlink":"https:\/\/wp.me\/p6RhLt-ar7","jetpack_sharing_enabled":true,"_links":{"self":[{"href":"https:\/\/eldiariodesanpedro.com.ar\/sitio\/wp-json\/wp\/v2\/posts\/40121","targetHints":{"allow":["GET"]}}],"collection":[{"href":"https:\/\/eldiariodesanpedro.com.ar\/sitio\/wp-json\/wp\/v2\/posts"}],"about":[{"href":"https:\/\/eldiariodesanpedro.com.ar\/sitio\/wp-json\/wp\/v2\/types\/post"}],"author":[{"embeddable":true,"href":"https:\/\/eldiariodesanpedro.com.ar\/sitio\/wp-json\/wp\/v2\/users\/4"}],"replies":[{"embeddable":true,"href":"https:\/\/eldiariodesanpedro.com.ar\/sitio\/wp-json\/wp\/v2\/comments?post=40121"}],"version-history":[{"count":1,"href":"https:\/\/eldiariodesanpedro.com.ar\/sitio\/wp-json\/wp\/v2\/posts\/40121\/revisions"}],"predecessor-version":[{"id":40123,"href":"https:\/\/eldiariodesanpedro.com.ar\/sitio\/wp-json\/wp\/v2\/posts\/40121\/revisions\/40123"}],"wp:featuredmedia":[{"embeddable":true,"href":"https:\/\/eldiariodesanpedro.com.ar\/sitio\/wp-json\/wp\/v2\/media\/40122"}],"wp:attachment":[{"href":"https:\/\/eldiariodesanpedro.com.ar\/sitio\/wp-json\/wp\/v2\/media?parent=40121"}],"wp:term":[{"taxonomy":"category","embeddable":true,"href":"https:\/\/eldiariodesanpedro.com.ar\/sitio\/wp-json\/wp\/v2\/categories?post=40121"},{"taxonomy":"post_tag","embeddable":true,"href":"https:\/\/eldiariodesanpedro.com.ar\/sitio\/wp-json\/wp\/v2\/tags?post=40121"}],"curies":[{"name":"wp","href":"https:\/\/api.w.org\/{rel}","templated":true}]}}