{"id":40117,"date":"2018-09-13T09:38:15","date_gmt":"2018-09-13T12:38:15","guid":{"rendered":"https:\/\/eldiariodesanpedro.com.ar\/sitio\/?p=40117"},"modified":"2018-09-13T09:38:15","modified_gmt":"2018-09-13T12:38:15","slug":"los-deportistas-de-pelota-paleta-se-reunieron-con-el-intendente","status":"publish","type":"post","link":"https:\/\/eldiariodesanpedro.com.ar\/sitio\/los-deportistas-de-pelota-paleta-se-reunieron-con-el-intendente\/","title":{"rendered":"Los deportistas de Pelota Paleta se reunieron con el Intendente"},"content":{"rendered":"<p><!-- VideographyWP Plugin Message: Automatic video embedding prevented by plugin options. --><br \/>\nEn referencia a la situaci\u00f3n de conocimiento p\u00fablico entre la Comisi\u00f3n Directiva del Centro de Comercio y los deportistas de Pelota Paleta en virtud de las nuevas condiciones establecidas para el alquiler de las instalaciones  donde se practica dicho deporte, el Intendente Cecilio Salazar recibi\u00f3 a los aficionados de este deporte para evaluar las condiciones y buscar alternativas resolutivas para la continuidad del mismo en dicho establecimiento.<\/p>\n<p>Desde hace muchos a\u00f1os la Pelota a Paleta es una de las hist\u00f3ricas disciplinas deportivas que se practican en la ciudad, logrando contar con una cancha que es la envidia de todos y donde no todas las ciudades cuentan con un escenario como este. Una obra que hoy ser\u00eda imposible proyectar por los altos valores que demanda su construcci\u00f3n.<br \/>\nEn los \u00faltimos d\u00edas la mayor\u00eda de las disciplinas que se practican en la ciudad salieron en defensa de la Pelota Paleta y en contra de la decisi\u00f3n de las autoridades del Centro de Comercio. En el f\u00fatbol, en el b\u00e1squet, la nataci\u00f3n, el rugby, futbol infantil, o deportistas campeones mundiales y ol\u00edmpicos como Julio Alsogaray, Brenda Rojas y Silvio Velo se sumaron a la campa\u00f1a \u201cNo al cierre de la cancha de Pelota Paleta\u201d y as\u00ed lo hicieron saber a trav\u00e9s de las redes sociales.<\/p>\n<p>Este martes, los jugadores de Pelota Paleta, m\u00e1s ex jugadores, ex dirigentes y colaboradores, solicitaron al Concejo Deliberante que se declare a la cancha en cuesti\u00f3n \u201cmonumento hist\u00f3rico\u201d, algo l\u00f3gico para un escenario que ha sido testigo de gran parte de la historia deportiva de la ciudad.<\/p>\n<p><img decoding=\"async\" data-attachment-id=\"40119\" data-permalink=\"https:\/\/eldiariodesanpedro.com.ar\/sitio\/los-deportistas-de-pelota-paleta-se-reunieron-con-el-intendente\/bi4a8102\/\" data-orig-file=\"https:\/\/eldiariodesanpedro.com.ar\/sitio\/wp-content\/uploads\/2018\/09\/BI4A8102.jpg\" data-orig-size=\"3840,2560\" data-comments-opened=\"1\" data-image-meta=\"{&quot;aperture&quot;:&quot;5&quot;,&quot;credit&quot;:&quot;&quot;,&quot;camera&quot;:&quot;Canon EOS 5D Mark III&quot;,&quot;caption&quot;:&quot;&quot;,&quot;created_timestamp&quot;:&quot;1544435641&quot;,&quot;copyright&quot;:&quot;&quot;,&quot;focal_length&quot;:&quot;24&quot;,&quot;iso&quot;:&quot;8000&quot;,&quot;shutter_speed&quot;:&quot;0.01&quot;,&quot;title&quot;:&quot;&quot;,&quot;orientation&quot;:&quot;0&quot;}\" data-image-title=\"BI4A8102\" data-image-description=\"\" data-image-caption=\"\" data-large-file=\"https:\/\/eldiariodesanpedro.com.ar\/sitio\/wp-content\/uploads\/2018\/09\/BI4A8102-1024x683.jpg\" data-src=\"https:\/\/eldiariodesanpedro.com.ar\/sitio\/wp-content\/uploads\/2018\/09\/BI4A8102-1024x683.jpg\" alt=\"\" width=\"660\" height=\"440\" class=\"alignnone size-large wp-image-40119 lazyload\" data-srcset=\"https:\/\/eldiariodesanpedro.com.ar\/sitio\/wp-content\/uploads\/2018\/09\/BI4A8102-1024x683.jpg 1024w, https:\/\/eldiariodesanpedro.com.ar\/sitio\/wp-content\/uploads\/2018\/09\/BI4A8102-300x200.jpg 300w, https:\/\/eldiariodesanpedro.com.ar\/sitio\/wp-content\/uploads\/2018\/09\/BI4A8102-768x512.jpg 768w\" data-sizes=\"(max-width: 660px) 100vw, 660px\" src=\"data:image\/svg+xml;base64,PHN2ZyB3aWR0aD0iMSIgaGVpZ2h0PSIxIiB4bWxucz0iaHR0cDovL3d3dy53My5vcmcvMjAwMC9zdmciPjwvc3ZnPg==\" style=\"--smush-placeholder-width: 660px; --smush-placeholder-aspect-ratio: 660\/440;\" \/><\/p>\n","protected":false},"excerpt":{"rendered":"<p>En referencia a la situaci\u00f3n de conocimiento p\u00fablico entre la Comisi\u00f3n Directiva del Centro de Comercio y los deportistas de Pelota Paleta en virtud de las nuevas condiciones establecidas para el alquiler de las instalaciones donde se practica dicho deporte, el Intendente Cecilio Salazar recibi\u00f3 a los aficionados de este deporte para evaluar las condiciones [&hellip;]<\/p>\n","protected":false},"author":4,"featured_media":40118,"comment_status":"open","ping_status":"closed","sticky":false,"template":"","format":"standard","meta":{"om_disable_all_campaigns":false,"_jetpack_memberships_contains_paid_content":false,"footnotes":""},"categories":[101,2],"tags":[],"class_list":["post-40117","post","type-post","status-publish","format-standard","has-post-thumbnail","hentry","category-interes-general-locales","category-locales"],"aioseo_notices":[],"gutentor_comment":0,"jetpack_featured_media_url":"https:\/\/eldiariodesanpedro.com.ar\/sitio\/wp-content\/uploads\/2018\/09\/BI4A8087.jpg","jetpack_shortlink":"https:\/\/wp.me\/p6RhLt-ar3","jetpack_sharing_enabled":true,"_links":{"self":[{"href":"https:\/\/eldiariodesanpedro.com.ar\/sitio\/wp-json\/wp\/v2\/posts\/40117","targetHints":{"allow":["GET"]}}],"collection":[{"href":"https:\/\/eldiariodesanpedro.com.ar\/sitio\/wp-json\/wp\/v2\/posts"}],"about":[{"href":"https:\/\/eldiariodesanpedro.com.ar\/sitio\/wp-json\/wp\/v2\/types\/post"}],"author":[{"embeddable":true,"href":"https:\/\/eldiariodesanpedro.com.ar\/sitio\/wp-json\/wp\/v2\/users\/4"}],"replies":[{"embeddable":true,"href":"https:\/\/eldiariodesanpedro.com.ar\/sitio\/wp-json\/wp\/v2\/comments?post=40117"}],"version-history":[{"count":1,"href":"https:\/\/eldiariodesanpedro.com.ar\/sitio\/wp-json\/wp\/v2\/posts\/40117\/revisions"}],"predecessor-version":[{"id":40120,"href":"https:\/\/eldiariodesanpedro.com.ar\/sitio\/wp-json\/wp\/v2\/posts\/40117\/revisions\/40120"}],"wp:featuredmedia":[{"embeddable":true,"href":"https:\/\/eldiariodesanpedro.com.ar\/sitio\/wp-json\/wp\/v2\/media\/40118"}],"wp:attachment":[{"href":"https:\/\/eldiariodesanpedro.com.ar\/sitio\/wp-json\/wp\/v2\/media?parent=40117"}],"wp:term":[{"taxonomy":"category","embeddable":true,"href":"https:\/\/eldiariodesanpedro.com.ar\/sitio\/wp-json\/wp\/v2\/categories?post=40117"},{"taxonomy":"post_tag","embeddable":true,"href":"https:\/\/eldiariodesanpedro.com.ar\/sitio\/wp-json\/wp\/v2\/tags?post=40117"}],"curies":[{"name":"wp","href":"https:\/\/api.w.org\/{rel}","templated":true}]}}