{"id":40114,"date":"2018-09-12T21:11:09","date_gmt":"2018-09-13T00:11:09","guid":{"rendered":"https:\/\/eldiariodesanpedro.com.ar\/sitio\/?p=40114"},"modified":"2026-01-24T00:10:54","modified_gmt":"2026-01-24T03:10:54","slug":"futbol-juvenil-independencia-enfrenta-a-douglas-haig-en-el-debut","status":"publish","type":"post","link":"https:\/\/eldiariodesanpedro.com.ar\/sitio\/futbol-juvenil-independencia-enfrenta-a-douglas-haig-en-el-debut\/","title":{"rendered":"F\u00daTBOL JUVENIL: Independencia enfrenta a Douglas Haig en el debut"},"content":{"rendered":"<p><!-- VideographyWP Plugin Message: Automatic video embedding prevented by plugin options. --><br \/>\nEl Torneo de Clubes categor\u00eda Sub 13 es un \u00e9xito en Federaci\u00f3n Norte de F\u00fatbol, es que 32 equipos divididos en 8 zonas llevar\u00e1n adelante la edici\u00f3n 2018. Se sum\u00f3 a \u00faltimo momento Douglas Haig de Pergamino y hubo cambios en dos zonas, entre ellas la \u201cB\u201d donde juega Independencia FC.<\/p>\n<p> Federaci\u00f3n Norte dio a conocer que al sumarse Douglas Haig realiz\u00f3 cambios en el fixture original que dio a conocer d\u00edas atr\u00e1s y en consecuencia en la zona de Independencia FC se suma el equipo de Pergamino y Belgrano pasa a jugar en la zona \u201cH\u201d.<\/p>\n<p>  El certamen dar\u00e1 inicio entre los d\u00edas 18 y 19 del corriente mes y las listas de buena fe deber\u00e1n entregarse antes del viernes. El elenco de San Pedro ser\u00e1 visitante en la fecha inicial ante Douglas.<br \/>\n1ra fecha, todas las zonas<\/p>\n<p><strong>Zona A &#8211; 1ra. Fecha <\/strong><br \/>\nCentral \u2013 Z vs. Sarmiento \u2013 Z<br \/>\nLa Lechuga- CA vs. Leones Azules -CA<\/p>\n<p><strong>Zona B &#8211; 1ra. Fecha <\/strong><br \/>\nRegatas \u2013 SN vs. Somisa \u2013 SN<br \/>\nDouglas Haig \u2013 P vs. Independ. (SP)<\/p>\n<p><strong>Zona C &#8211; 1ra. Fecha <\/strong><br \/>\nEl Front\u00f3n ME vs. Victoria \u2013 SADA<br \/>\nHurac\u00e1n \u2013 CHI vs. Gimnasia \u2013 CHI<\/p>\n<p><strong>Zona D &#8211; 1ra. Fecha <\/strong><br \/>\nPe\u00f1a La 12 \u2013 CHA vs. Argentino -CHA<br \/>\nEstudiantes \u2013 ME vs. Col\u00f3n \u2013 CHI.<\/p>\n<p><strong>Zona E &#8211; 1ra. Fecha <\/strong><br \/>\nSportsman \u2013 ARR vs. Obras Sanitarias \u2013 AR<br \/>\nJuventud \u2013 PER. vs. J. Newbery -ROJ<\/p>\n<p><strong>Zona F &#8211; 1ra. Fecha <\/strong><br \/>\nSp. Barracas \u2013 COL vs. Paran\u00e1 \u2013 SN<br \/>\nS. Jos\u00e9 Marista \u2013 PER vs. Uni\u00f3n \u2013 ROJ<\/p>\n<p><strong>Zona G &#8211; 1ra fecha<\/strong><br \/>\nRivadavia \u2013 JUN vs. Sarmiento \u2013 JUN<br \/>\nEl Linque\u00f1o- LIN vs. Argentino \u2013 ROJ<\/p>\n<p><strong>Zona H &#8211; 1ra fecha<\/strong><br \/>\nInternacional vs. Parq. Villar<br \/>\nBelgrano \u2013 Z vs. San Mart\u00edn 09<\/p>\n","protected":false},"excerpt":{"rendered":"<p>El Torneo de Clubes categor\u00eda Sub 13 es un \u00e9xito en Federaci\u00f3n Norte de F\u00fatbol, es que 32 equipos divididos en 8 zonas llevar\u00e1n adelante la edici\u00f3n 2018. Se sum\u00f3 a \u00faltimo momento Douglas Haig de Pergamino y hubo cambios en dos zonas, entre ellas la \u201cB\u201d donde juega Independencia FC. Federaci\u00f3n Norte dio a [&hellip;]<\/p>\n","protected":false},"author":4,"featured_media":21255,"comment_status":"open","ping_status":"closed","sticky":false,"template":"","format":"standard","meta":{"om_disable_all_campaigns":false,"_jetpack_memberships_contains_paid_content":false,"footnotes":""},"categories":[5],"tags":[],"class_list":["post-40114","post","type-post","status-publish","format-standard","has-post-thumbnail","hentry","category-deportes"],"aioseo_notices":[],"gutentor_comment":0,"jetpack_featured_media_url":"https:\/\/eldiariodesanpedro.com.ar\/sitio\/wp-content\/uploads\/2017\/07\/futbol-arco.jpg","jetpack_shortlink":"https:\/\/wp.me\/p6RhLt-ar0","jetpack_sharing_enabled":true,"_links":{"self":[{"href":"https:\/\/eldiariodesanpedro.com.ar\/sitio\/wp-json\/wp\/v2\/posts\/40114","targetHints":{"allow":["GET"]}}],"collection":[{"href":"https:\/\/eldiariodesanpedro.com.ar\/sitio\/wp-json\/wp\/v2\/posts"}],"about":[{"href":"https:\/\/eldiariodesanpedro.com.ar\/sitio\/wp-json\/wp\/v2\/types\/post"}],"author":[{"embeddable":true,"href":"https:\/\/eldiariodesanpedro.com.ar\/sitio\/wp-json\/wp\/v2\/users\/4"}],"replies":[{"embeddable":true,"href":"https:\/\/eldiariodesanpedro.com.ar\/sitio\/wp-json\/wp\/v2\/comments?post=40114"}],"version-history":[{"count":2,"href":"https:\/\/eldiariodesanpedro.com.ar\/sitio\/wp-json\/wp\/v2\/posts\/40114\/revisions"}],"predecessor-version":[{"id":40116,"href":"https:\/\/eldiariodesanpedro.com.ar\/sitio\/wp-json\/wp\/v2\/posts\/40114\/revisions\/40116"}],"wp:featuredmedia":[{"embeddable":true,"href":"https:\/\/eldiariodesanpedro.com.ar\/sitio\/wp-json\/wp\/v2\/media\/21255"}],"wp:attachment":[{"href":"https:\/\/eldiariodesanpedro.com.ar\/sitio\/wp-json\/wp\/v2\/media?parent=40114"}],"wp:term":[{"taxonomy":"category","embeddable":true,"href":"https:\/\/eldiariodesanpedro.com.ar\/sitio\/wp-json\/wp\/v2\/categories?post=40114"},{"taxonomy":"post_tag","embeddable":true,"href":"https:\/\/eldiariodesanpedro.com.ar\/sitio\/wp-json\/wp\/v2\/tags?post=40114"}],"curies":[{"name":"wp","href":"https:\/\/api.w.org\/{rel}","templated":true}]}}