{"id":40110,"date":"2018-09-12T21:06:13","date_gmt":"2018-09-13T00:06:13","guid":{"rendered":"https:\/\/eldiariodesanpedro.com.ar\/sitio\/?p=40110"},"modified":"2026-01-24T00:10:55","modified_gmt":"2026-01-24T03:10:55","slug":"deporte-extremo-mma-en-pescadores-el-sabado-15","status":"publish","type":"post","link":"https:\/\/eldiariodesanpedro.com.ar\/sitio\/deporte-extremo-mma-en-pescadores-el-sabado-15\/","title":{"rendered":"DEPORTE EXTREMO MMA: en Pescadores el s\u00e1bado 15"},"content":{"rendered":"<p><!-- VideographyWP Plugin Message: Automatic video embedding prevented by plugin options. --><br \/>\n  Las artes marciales mixtas (MMA) siguen siendo un deporte en auge en muchas partes del mundo y cada vez son m\u00e1s los eventos que se disputan bajo las reglas de esta modalidad de lucha. El pr\u00f3ximo s\u00e1bado por primera vez en San Pedro. <\/p>\n<p>  En el oct\u00e1gono de Pescadores, deportistas locales estar\u00e1n enfrentando a sus pares de la regi\u00f3n y CABA, sobre todo quienes entrenan y practican esta disciplina en Bushido.<\/p>\n","protected":false},"excerpt":{"rendered":"<p>Las artes marciales mixtas (MMA) siguen siendo un deporte en auge en muchas partes del mundo y cada vez son m\u00e1s los eventos que se disputan bajo las reglas de esta modalidad de lucha. El pr\u00f3ximo s\u00e1bado por primera vez en San Pedro. En el oct\u00e1gono de Pescadores, deportistas locales estar\u00e1n enfrentando a sus pares [&hellip;]<\/p>\n","protected":false},"author":4,"featured_media":40112,"comment_status":"open","ping_status":"closed","sticky":false,"template":"","format":"standard","meta":{"om_disable_all_campaigns":false,"_jetpack_memberships_contains_paid_content":false,"footnotes":""},"categories":[5],"tags":[],"class_list":["post-40110","post","type-post","status-publish","format-standard","has-post-thumbnail","hentry","category-deportes"],"aioseo_notices":[],"gutentor_comment":0,"jetpack_featured_media_url":"https:\/\/eldiariodesanpedro.com.ar\/sitio\/wp-content\/uploads\/2018\/09\/combat-extrememma.jpg","jetpack_shortlink":"https:\/\/wp.me\/p6RhLt-aqW","jetpack_sharing_enabled":true,"_links":{"self":[{"href":"https:\/\/eldiariodesanpedro.com.ar\/sitio\/wp-json\/wp\/v2\/posts\/40110","targetHints":{"allow":["GET"]}}],"collection":[{"href":"https:\/\/eldiariodesanpedro.com.ar\/sitio\/wp-json\/wp\/v2\/posts"}],"about":[{"href":"https:\/\/eldiariodesanpedro.com.ar\/sitio\/wp-json\/wp\/v2\/types\/post"}],"author":[{"embeddable":true,"href":"https:\/\/eldiariodesanpedro.com.ar\/sitio\/wp-json\/wp\/v2\/users\/4"}],"replies":[{"embeddable":true,"href":"https:\/\/eldiariodesanpedro.com.ar\/sitio\/wp-json\/wp\/v2\/comments?post=40110"}],"version-history":[{"count":1,"href":"https:\/\/eldiariodesanpedro.com.ar\/sitio\/wp-json\/wp\/v2\/posts\/40110\/revisions"}],"predecessor-version":[{"id":40113,"href":"https:\/\/eldiariodesanpedro.com.ar\/sitio\/wp-json\/wp\/v2\/posts\/40110\/revisions\/40113"}],"wp:featuredmedia":[{"embeddable":true,"href":"https:\/\/eldiariodesanpedro.com.ar\/sitio\/wp-json\/wp\/v2\/media\/40112"}],"wp:attachment":[{"href":"https:\/\/eldiariodesanpedro.com.ar\/sitio\/wp-json\/wp\/v2\/media?parent=40110"}],"wp:term":[{"taxonomy":"category","embeddable":true,"href":"https:\/\/eldiariodesanpedro.com.ar\/sitio\/wp-json\/wp\/v2\/categories?post=40110"},{"taxonomy":"post_tag","embeddable":true,"href":"https:\/\/eldiariodesanpedro.com.ar\/sitio\/wp-json\/wp\/v2\/tags?post=40110"}],"curies":[{"name":"wp","href":"https:\/\/api.w.org\/{rel}","templated":true}]}}