{"id":40105,"date":"2018-09-12T21:03:42","date_gmt":"2018-09-13T00:03:42","guid":{"rendered":"https:\/\/eldiariodesanpedro.com.ar\/sitio\/?p=40105"},"modified":"2026-01-24T00:10:56","modified_gmt":"2026-01-24T03:10:56","slug":"distinciones-nueva-entrega-del-cpdsp","status":"publish","type":"post","link":"https:\/\/eldiariodesanpedro.com.ar\/sitio\/distinciones-nueva-entrega-del-cpdsp\/","title":{"rendered":"DISTINCIONES: Nueva entrega del CPDSP"},"content":{"rendered":"<p><!-- VideographyWP Plugin Message: Automatic video embedding prevented by plugin options. --><br \/>\n  Una nueva entrega de distinciones por parte del C\u00edrculo de Periodistas Deportivos de San Pedro, en esta oportunidad se llevar\u00e1 a cabo el pr\u00f3ximo viernes 21 de septiembre, en la sala de sesiones Pedro Barri de la Liga Deportiva Sampedrina a las 20:30 hs., siendo los deportistas destacados y destinados a recibir distinciones los siguientes:<\/p>\n<p>Pat\u00edn Art\u00edstico: Emilio Molhinger \u2013 M\u00eda Pereyra \u2013 Serena Mu\u00f1oz<br \/>\nNataci\u00f3n: Pedro Adrover \u2013 Candela Raviola<br \/>\nU15 y 1ra. B\u00e1squet N\u00e1utico<br \/>\nPat\u00edn Carrera: Magdalena Bustos<br \/>\nEsgrima: Ciro Olivieri y Mariano Ducau<\/p>\n<p>  Es esta la \u00fanica invitaci\u00f3n que reciben los deportistas.<\/p>\n<p><strong>COMUNICADO DEL CPDSP<\/strong><br \/>\n  El C\u00edrculo de Periodistas Deportivos de San Pedro (CPDSP) a ra\u00edz de los hechos que han sido de p\u00fablico conocimiento desea manifestar su total desagrado y rechazo al posible cierre de la a\u00f1eja e hist\u00f3rica cancha de pelota a paleta que funciona en el Centro de Comercio e Industria, ubicada en las calles Mitre y San Mart\u00edn de nuestra ciudad.<\/p>\n<p>  Vale destacar que nuestra entidad pregona y reconoce durante todos estos a\u00f1os a los distintos deportistas que se destacan en las diferentes disciplinas deportivas, siendo la actividad de Pelota a Paleta una de las animadoras de las mismas durante el calendario anual.<\/p>\n<p>  Adem\u00e1s, se trata de una actividad que ha continuado a trav\u00e9s de las distintas generaciones y practicada hoy en d\u00eda por deportistas locales y que ha sumado constantemente adeptos a \u00e9sta, destac\u00e1ndose incluso muchos aficionados de nuestra localidad a nivel provincial y nacional.<\/p>\n<p>  En funci\u00f3n de lo expuesto y habida cuenta de que es la \u00fanica cancha cerrada en condiciones de uso de nuestra ciudad, su cierre conllevar\u00eda necesaria e ineludiblemente a la desaparici\u00f3n de la disciplina.<\/p>\n<p>  Vaya entonces nuestra solidaridad para todos aquellos que hacen de este deporte una actividad que nuclea a grandes y chicos en nuestra ciudad y asimismo queremos hacer un llamado a quien corresponda a los fines de que se reflexione y plantee concretamente las serias dificultades que ello ocasionar\u00eda.<\/p>\n","protected":false},"excerpt":{"rendered":"<p>Una nueva entrega de distinciones por parte del C\u00edrculo de Periodistas Deportivos de San Pedro, en esta oportunidad se llevar\u00e1 a cabo el pr\u00f3ximo viernes 21 de septiembre, en la sala de sesiones Pedro Barri de la Liga Deportiva Sampedrina a las 20:30 hs., siendo los deportistas destacados y destinados a recibir distinciones los siguientes: [&hellip;]<\/p>\n","protected":false},"author":4,"featured_media":40109,"comment_status":"open","ping_status":"closed","sticky":false,"template":"","format":"standard","meta":{"om_disable_all_campaigns":false,"_jetpack_memberships_contains_paid_content":false,"footnotes":""},"categories":[5],"tags":[],"class_list":["post-40105","post","type-post","status-publish","format-standard","has-post-thumbnail","hentry","category-deportes"],"aioseo_notices":[],"gutentor_comment":0,"jetpack_featured_media_url":"https:\/\/eldiariodesanpedro.com.ar\/sitio\/wp-content\/uploads\/2018\/09\/Nueva-entrega-del-CPDSP.jpg","jetpack_shortlink":"https:\/\/wp.me\/p6RhLt-aqR","jetpack_sharing_enabled":true,"_links":{"self":[{"href":"https:\/\/eldiariodesanpedro.com.ar\/sitio\/wp-json\/wp\/v2\/posts\/40105","targetHints":{"allow":["GET"]}}],"collection":[{"href":"https:\/\/eldiariodesanpedro.com.ar\/sitio\/wp-json\/wp\/v2\/posts"}],"about":[{"href":"https:\/\/eldiariodesanpedro.com.ar\/sitio\/wp-json\/wp\/v2\/types\/post"}],"author":[{"embeddable":true,"href":"https:\/\/eldiariodesanpedro.com.ar\/sitio\/wp-json\/wp\/v2\/users\/4"}],"replies":[{"embeddable":true,"href":"https:\/\/eldiariodesanpedro.com.ar\/sitio\/wp-json\/wp\/v2\/comments?post=40105"}],"version-history":[{"count":1,"href":"https:\/\/eldiariodesanpedro.com.ar\/sitio\/wp-json\/wp\/v2\/posts\/40105\/revisions"}],"predecessor-version":[{"id":40111,"href":"https:\/\/eldiariodesanpedro.com.ar\/sitio\/wp-json\/wp\/v2\/posts\/40105\/revisions\/40111"}],"wp:featuredmedia":[{"embeddable":true,"href":"https:\/\/eldiariodesanpedro.com.ar\/sitio\/wp-json\/wp\/v2\/media\/40109"}],"wp:attachment":[{"href":"https:\/\/eldiariodesanpedro.com.ar\/sitio\/wp-json\/wp\/v2\/media?parent=40105"}],"wp:term":[{"taxonomy":"category","embeddable":true,"href":"https:\/\/eldiariodesanpedro.com.ar\/sitio\/wp-json\/wp\/v2\/categories?post=40105"},{"taxonomy":"post_tag","embeddable":true,"href":"https:\/\/eldiariodesanpedro.com.ar\/sitio\/wp-json\/wp\/v2\/tags?post=40105"}],"curies":[{"name":"wp","href":"https:\/\/api.w.org\/{rel}","templated":true}]}}