{"id":40104,"date":"2018-09-12T20:58:33","date_gmt":"2018-09-12T23:58:33","guid":{"rendered":"https:\/\/eldiariodesanpedro.com.ar\/sitio\/?p=40104"},"modified":"2026-01-24T00:10:57","modified_gmt":"2026-01-24T03:10:57","slug":"atletismo-el-puente-rosario-victoria-con-presencia-de-atletas-sampedrinos","status":"publish","type":"post","link":"https:\/\/eldiariodesanpedro.com.ar\/sitio\/atletismo-el-puente-rosario-victoria-con-presencia-de-atletas-sampedrinos\/","title":{"rendered":"ATLETISMO: \u00abEl Puente Rosario-Victoria\u00bb con presencia de atletas sampedrinos"},"content":{"rendered":"<p><!-- VideographyWP Plugin Message: Automatic video embedding prevented by plugin options. --><br \/>\nFue en la 9\u00aa edici\u00f3n de la tradicional competencia de Rosario, en esta oportunidad, la prueba se dividi\u00f3 en tres distancias: 14, 21 y 30 kil\u00f3metros.<\/p>\n<p>  El primero en completar la distancia m\u00e1s larga fue Bernardo Maldonado, que registr\u00f3 un tiempo de 1 hora, 42 minutos y 59 segundos. Completaron el podio Luis Lavezzi (1h 46\u2032 40\u201d), y Fabio Ochoa (1h 46\u2032 59\u201d).<br \/>\n  Por su parte, Patricia Ponce Patricia (1h 18\u2032 14\u201d), Ludmila Mart\u00ednez (1h 22\u2032 40\u201d) y Paula Gon (1h 26\u2032 53\u201d) fueron las primeras mujeres en cubrir los 21K.<\/p>\n<p>  En la menor de las distancias (14 kil\u00f3metros), el podio masculino qued\u00f3 conformado por Lautaro Bruzzoni (42\u2032 39\u201d), Juan Carlos Luqui (43\u2032 02\u201d) y C\u00e9sar Orta D\u00edaz (45\u2032 56\u201d).<\/p>\n<p>  Finalmente, por el lado de las mujeres, Virginia Mercado (51\u2032 07\u201d) obtuvo el primer lugar. Andrea Lazzarini (52\u2032 22\u201d) y Mariana Montiel (55\u2032 11\u201d) completaron el segundo y tercer puesto en el podio femenino de los 14 kil\u00f3metros, respectivamente.<\/p>\n<p>  Jorge D&#8217;Andrea del Club A. Mitre la complet\u00f3 en un tiempo de 2h 2s. Tambi\u00e9n estuvieron presentes atletas del Club Pescadores, Viviana G\u00f3mez logr\u00f3 el 3\u00b0 puesto en su categor\u00eda y 8\u00b0 en la general damas en 30km.<\/p>\n<p>  Diego Butti fue 5\u00b0 en la cat. y 45\u00b0 en la general 21km. Compitieron adem\u00e1s Tom\u00e1s Pereyra en 21k; Vanina Budini y Hern\u00e1n Salvatierra en 14km.<\/p>\n<p><img decoding=\"async\" data-attachment-id=\"40107\" data-permalink=\"https:\/\/eldiariodesanpedro.com.ar\/sitio\/atletismo-el-puente-rosario-victoria-con-presencia-de-atletas-sampedrinos\/dandrea-club-a-mitre\/\" data-orig-file=\"https:\/\/eldiariodesanpedro.com.ar\/sitio\/wp-content\/uploads\/2018\/09\/DAndrea-Club-A.-Mitre.jpg\" data-orig-size=\"960,1280\" data-comments-opened=\"1\" data-image-meta=\"{&quot;aperture&quot;:&quot;0&quot;,&quot;credit&quot;:&quot;&quot;,&quot;camera&quot;:&quot;&quot;,&quot;caption&quot;:&quot;&quot;,&quot;created_timestamp&quot;:&quot;0&quot;,&quot;copyright&quot;:&quot;&quot;,&quot;focal_length&quot;:&quot;0&quot;,&quot;iso&quot;:&quot;0&quot;,&quot;shutter_speed&quot;:&quot;0&quot;,&quot;title&quot;:&quot;&quot;,&quot;orientation&quot;:&quot;0&quot;}\" data-image-title=\"DAndrea Club A. Mitre\" data-image-description=\"\" data-image-caption=\"\" data-large-file=\"https:\/\/eldiariodesanpedro.com.ar\/sitio\/wp-content\/uploads\/2018\/09\/DAndrea-Club-A.-Mitre-768x1024.jpg\" data-src=\"https:\/\/eldiariodesanpedro.com.ar\/sitio\/wp-content\/uploads\/2018\/09\/DAndrea-Club-A.-Mitre-768x1024.jpg\" alt=\"\" width=\"660\" height=\"880\" class=\"alignnone size-large wp-image-40107 lazyload\" data-srcset=\"https:\/\/eldiariodesanpedro.com.ar\/sitio\/wp-content\/uploads\/2018\/09\/DAndrea-Club-A.-Mitre-768x1024.jpg 768w, https:\/\/eldiariodesanpedro.com.ar\/sitio\/wp-content\/uploads\/2018\/09\/DAndrea-Club-A.-Mitre-225x300.jpg 225w, https:\/\/eldiariodesanpedro.com.ar\/sitio\/wp-content\/uploads\/2018\/09\/DAndrea-Club-A.-Mitre.jpg 960w\" data-sizes=\"(max-width: 660px) 100vw, 660px\" src=\"data:image\/svg+xml;base64,PHN2ZyB3aWR0aD0iMSIgaGVpZ2h0PSIxIiB4bWxucz0iaHR0cDovL3d3dy53My5vcmcvMjAwMC9zdmciPjwvc3ZnPg==\" style=\"--smush-placeholder-width: 660px; --smush-placeholder-aspect-ratio: 660\/880;\" \/><\/p>\n","protected":false},"excerpt":{"rendered":"<p>Fue en la 9\u00aa edici\u00f3n de la tradicional competencia de Rosario, en esta oportunidad, la prueba se dividi\u00f3 en tres distancias: 14, 21 y 30 kil\u00f3metros. El primero en completar la distancia m\u00e1s larga fue Bernardo Maldonado, que registr\u00f3 un tiempo de 1 hora, 42 minutos y 59 segundos. Completaron el podio Luis Lavezzi (1h [&hellip;]<\/p>\n","protected":false},"author":4,"featured_media":40106,"comment_status":"open","ping_status":"closed","sticky":false,"template":"","format":"standard","meta":{"om_disable_all_campaigns":false,"_jetpack_memberships_contains_paid_content":false,"footnotes":""},"categories":[5],"tags":[],"class_list":["post-40104","post","type-post","status-publish","format-standard","has-post-thumbnail","hentry","category-deportes"],"aioseo_notices":[],"gutentor_comment":0,"jetpack_featured_media_url":"https:\/\/eldiariodesanpedro.com.ar\/sitio\/wp-content\/uploads\/2018\/09\/Atletas-del-club-Pescadores.jpg","jetpack_shortlink":"https:\/\/wp.me\/p6RhLt-aqQ","jetpack_sharing_enabled":true,"_links":{"self":[{"href":"https:\/\/eldiariodesanpedro.com.ar\/sitio\/wp-json\/wp\/v2\/posts\/40104","targetHints":{"allow":["GET"]}}],"collection":[{"href":"https:\/\/eldiariodesanpedro.com.ar\/sitio\/wp-json\/wp\/v2\/posts"}],"about":[{"href":"https:\/\/eldiariodesanpedro.com.ar\/sitio\/wp-json\/wp\/v2\/types\/post"}],"author":[{"embeddable":true,"href":"https:\/\/eldiariodesanpedro.com.ar\/sitio\/wp-json\/wp\/v2\/users\/4"}],"replies":[{"embeddable":true,"href":"https:\/\/eldiariodesanpedro.com.ar\/sitio\/wp-json\/wp\/v2\/comments?post=40104"}],"version-history":[{"count":1,"href":"https:\/\/eldiariodesanpedro.com.ar\/sitio\/wp-json\/wp\/v2\/posts\/40104\/revisions"}],"predecessor-version":[{"id":40108,"href":"https:\/\/eldiariodesanpedro.com.ar\/sitio\/wp-json\/wp\/v2\/posts\/40104\/revisions\/40108"}],"wp:featuredmedia":[{"embeddable":true,"href":"https:\/\/eldiariodesanpedro.com.ar\/sitio\/wp-json\/wp\/v2\/media\/40106"}],"wp:attachment":[{"href":"https:\/\/eldiariodesanpedro.com.ar\/sitio\/wp-json\/wp\/v2\/media?parent=40104"}],"wp:term":[{"taxonomy":"category","embeddable":true,"href":"https:\/\/eldiariodesanpedro.com.ar\/sitio\/wp-json\/wp\/v2\/categories?post=40104"},{"taxonomy":"post_tag","embeddable":true,"href":"https:\/\/eldiariodesanpedro.com.ar\/sitio\/wp-json\/wp\/v2\/tags?post=40104"}],"curies":[{"name":"wp","href":"https:\/\/api.w.org\/{rel}","templated":true}]}}