{"id":40096,"date":"2018-09-12T20:39:06","date_gmt":"2018-09-12T23:39:06","guid":{"rendered":"https:\/\/eldiariodesanpedro.com.ar\/sitio\/?p=40096"},"modified":"2018-09-12T20:39:06","modified_gmt":"2018-09-12T23:39:06","slug":"zarate-municipio-abre-el-mercado-popular-itinerante-a-nuevos-emprendedores-y-productores","status":"publish","type":"post","link":"https:\/\/eldiariodesanpedro.com.ar\/sitio\/zarate-municipio-abre-el-mercado-popular-itinerante-a-nuevos-emprendedores-y-productores\/","title":{"rendered":"Z\u00c1RATE: Municipio abre el Mercado Popular Itinerante a nuevos emprendedores y productores"},"content":{"rendered":"<p><!-- VideographyWP Plugin Message: Automatic video embedding prevented by plugin options. --><br \/>\nEl Municipio de Z\u00e1rate, a trav\u00e9s de la Secretar\u00eda de Desarrollo Econ\u00f3mico, realizar\u00e1 una nueva convocatoria para sumarse al Mercado Popular Itinerante.<\/p>\n<p>  La invitaci\u00f3n es para aquellos vecinos que quieran vender sus productos y no cuenten con otro medio de comercializaci\u00f3n.<\/p>\n<p>  La convocatoria estar\u00e1 abierta hasta el viernes 14 de septiembre y los interesados deben presentarse en el Centro Integrador Comunitario (CIC \u2013 Pellegrini y Agust\u00edn \u00c1lvarez) oficina de Econom\u00eda Social, de lunes a viernes de 9 a 13 hs. Adem\u00e1s, deben llevar fotocopia de DNI y fotos digital o impresa de lo que producen.<\/p>\n<p>  Podr\u00e1n presentarse quienes produzcan:<\/p>\n<p>Art\u00edculos de limpieza<br \/>\nfrutos secos y semillas<br \/>\nProducci\u00f3n av\u00edcola<br \/>\nProducci\u00f3n hort\u00edcola<br \/>\nCondimentos<br \/>\nPesca<br \/>\nPastas<\/p>\n<p>  El Mercado Popular Itinerante abre los martes en diferentes barrios del distrito. All\u00ed los productores locales ofrecen sus productos de forma directa al consumidor, sin intermediarios, y a un precio justo.<\/p>\n<p>Fuente: Enlace Cr\u00edtico<\/p>\n","protected":false},"excerpt":{"rendered":"<p>El Municipio de Z\u00e1rate, a trav\u00e9s de la Secretar\u00eda de Desarrollo Econ\u00f3mico, realizar\u00e1 una nueva convocatoria para sumarse al Mercado Popular Itinerante. La invitaci\u00f3n es para aquellos vecinos que quieran vender sus productos y no cuenten con otro medio de comercializaci\u00f3n. La convocatoria estar\u00e1 abierta hasta el viernes 14 de septiembre y los interesados deben [&hellip;]<\/p>\n","protected":false},"author":4,"featured_media":40098,"comment_status":"open","ping_status":"closed","sticky":false,"template":"","format":"standard","meta":{"om_disable_all_campaigns":false,"_jetpack_memberships_contains_paid_content":false,"footnotes":""},"categories":[621],"tags":[],"class_list":["post-40096","post","type-post","status-publish","format-standard","has-post-thumbnail","hentry","category-regionales"],"aioseo_notices":[],"gutentor_comment":0,"jetpack_featured_media_url":"https:\/\/eldiariodesanpedro.com.ar\/sitio\/wp-content\/uploads\/2018\/09\/Mercado-Popular-Itinerante.jpg","jetpack_shortlink":"https:\/\/wp.me\/p6RhLt-aqI","jetpack_sharing_enabled":true,"_links":{"self":[{"href":"https:\/\/eldiariodesanpedro.com.ar\/sitio\/wp-json\/wp\/v2\/posts\/40096","targetHints":{"allow":["GET"]}}],"collection":[{"href":"https:\/\/eldiariodesanpedro.com.ar\/sitio\/wp-json\/wp\/v2\/posts"}],"about":[{"href":"https:\/\/eldiariodesanpedro.com.ar\/sitio\/wp-json\/wp\/v2\/types\/post"}],"author":[{"embeddable":true,"href":"https:\/\/eldiariodesanpedro.com.ar\/sitio\/wp-json\/wp\/v2\/users\/4"}],"replies":[{"embeddable":true,"href":"https:\/\/eldiariodesanpedro.com.ar\/sitio\/wp-json\/wp\/v2\/comments?post=40096"}],"version-history":[{"count":1,"href":"https:\/\/eldiariodesanpedro.com.ar\/sitio\/wp-json\/wp\/v2\/posts\/40096\/revisions"}],"predecessor-version":[{"id":40100,"href":"https:\/\/eldiariodesanpedro.com.ar\/sitio\/wp-json\/wp\/v2\/posts\/40096\/revisions\/40100"}],"wp:featuredmedia":[{"embeddable":true,"href":"https:\/\/eldiariodesanpedro.com.ar\/sitio\/wp-json\/wp\/v2\/media\/40098"}],"wp:attachment":[{"href":"https:\/\/eldiariodesanpedro.com.ar\/sitio\/wp-json\/wp\/v2\/media?parent=40096"}],"wp:term":[{"taxonomy":"category","embeddable":true,"href":"https:\/\/eldiariodesanpedro.com.ar\/sitio\/wp-json\/wp\/v2\/categories?post=40096"},{"taxonomy":"post_tag","embeddable":true,"href":"https:\/\/eldiariodesanpedro.com.ar\/sitio\/wp-json\/wp\/v2\/tags?post=40096"}],"curies":[{"name":"wp","href":"https:\/\/api.w.org\/{rel}","templated":true}]}}