{"id":40094,"date":"2018-09-12T20:35:57","date_gmt":"2018-09-12T23:35:57","guid":{"rendered":"https:\/\/eldiariodesanpedro.com.ar\/sitio\/?p=40094"},"modified":"2018-09-12T20:35:57","modified_gmt":"2018-09-12T23:35:57","slug":"campana-secuestran-caballo-victima-de-maltrato-animal-en-pleno-centro","status":"publish","type":"post","link":"https:\/\/eldiariodesanpedro.com.ar\/sitio\/campana-secuestran-caballo-victima-de-maltrato-animal-en-pleno-centro\/","title":{"rendered":"CAMPANA: Secuestran caballo v\u00edctima de \u00abmaltrato animal\u00bb en pleno centro"},"content":{"rendered":"<p><!-- VideographyWP Plugin Message: Automatic video embedding prevented by plugin options. --><br \/>\nEl carro circulaba por San Mart\u00edn y Bv. Sarmiento cuando se activaron las acciones preventivas a trav\u00e9s de \u201cAlerta Campana\u201d. En las actuaciones prevencionales interviene el Agente Penal Juvenil, Dr. Reina, caratul\u00e1ndola \u201cAveriguaci\u00f3n de Il\u00edcito\u201d. El caballo qued\u00f3 secuestrado y en observaci\u00f3n.<\/p>\n<p>  La Secretar\u00eda de Seguridad y Prevenci\u00f3n Ciudadana inform\u00f3 que ayer a las 13.48hs, ingres\u00f3 por \u201cAlerta Campana\u201d, un aviso que en calle San Mart\u00edn y Bv. Sarmiento circulaba un carro a tracci\u00f3n a sangre ocupado por tres personas y el equino que lo tiraba se encontraba en malas condiciones de salud.<br \/>\n  Inmediatamente se lo observa por C\u00e1mara del CIMoPU, y a trav\u00e9s de la Mesa de Enlace se desplaza personal policial.<br \/>\n  Una vez interceptado el carro, se identific\u00f3 a los ocupantes de este un mayor (18 a\u00f1os) y dos menores (de 16 y 13 a\u00f1os), respectivamente.<br \/>\n  Desde las Autoridades Policiales y de Seguridad del Municipio se precis\u00f3 que se convoc\u00f3 a la Direcci\u00f3n de Tr\u00e1nsito a proceder a realizar el acta respectiva y secuestro del equino, traslad\u00e1ndose todo a la Comisar\u00eda local, donde es solicitado el Director de Bromatolog\u00eda y Zoonosis, quien examina el equipo produce informe y continuar\u00e1 realizando pericias pertinentes.<br \/>\n  En las actuaciones prevencionales interviene el Agente Penal Juvenil, Dr. Reina, caratul\u00e1ndola \u201cAveriguaci\u00f3n de Il\u00edcito\u201d. El caballo qued\u00f3 secuestrado y en observaci\u00f3n.<\/p>\n<p>Fuente: Campana Noticias<\/p>\n","protected":false},"excerpt":{"rendered":"<p>El carro circulaba por San Mart\u00edn y Bv. Sarmiento cuando se activaron las acciones preventivas a trav\u00e9s de \u201cAlerta Campana\u201d. En las actuaciones prevencionales interviene el Agente Penal Juvenil, Dr. Reina, caratul\u00e1ndola \u201cAveriguaci\u00f3n de Il\u00edcito\u201d. El caballo qued\u00f3 secuestrado y en observaci\u00f3n. La Secretar\u00eda de Seguridad y Prevenci\u00f3n Ciudadana inform\u00f3 que ayer a las 13.48hs, [&hellip;]<\/p>\n","protected":false},"author":4,"featured_media":40095,"comment_status":"open","ping_status":"closed","sticky":false,"template":"","format":"standard","meta":{"om_disable_all_campaigns":false,"_jetpack_memberships_contains_paid_content":false,"footnotes":""},"categories":[621],"tags":[],"class_list":["post-40094","post","type-post","status-publish","format-standard","has-post-thumbnail","hentry","category-regionales"],"aioseo_notices":[],"gutentor_comment":0,"jetpack_featured_media_url":"https:\/\/eldiariodesanpedro.com.ar\/sitio\/wp-content\/uploads\/2018\/09\/El-equino-que-tiraba-el-carro-se-encontraba-en-malas-condiciones-de-salud-.jpg","jetpack_shortlink":"https:\/\/wp.me\/p6RhLt-aqG","jetpack_sharing_enabled":true,"_links":{"self":[{"href":"https:\/\/eldiariodesanpedro.com.ar\/sitio\/wp-json\/wp\/v2\/posts\/40094","targetHints":{"allow":["GET"]}}],"collection":[{"href":"https:\/\/eldiariodesanpedro.com.ar\/sitio\/wp-json\/wp\/v2\/posts"}],"about":[{"href":"https:\/\/eldiariodesanpedro.com.ar\/sitio\/wp-json\/wp\/v2\/types\/post"}],"author":[{"embeddable":true,"href":"https:\/\/eldiariodesanpedro.com.ar\/sitio\/wp-json\/wp\/v2\/users\/4"}],"replies":[{"embeddable":true,"href":"https:\/\/eldiariodesanpedro.com.ar\/sitio\/wp-json\/wp\/v2\/comments?post=40094"}],"version-history":[{"count":1,"href":"https:\/\/eldiariodesanpedro.com.ar\/sitio\/wp-json\/wp\/v2\/posts\/40094\/revisions"}],"predecessor-version":[{"id":40097,"href":"https:\/\/eldiariodesanpedro.com.ar\/sitio\/wp-json\/wp\/v2\/posts\/40094\/revisions\/40097"}],"wp:featuredmedia":[{"embeddable":true,"href":"https:\/\/eldiariodesanpedro.com.ar\/sitio\/wp-json\/wp\/v2\/media\/40095"}],"wp:attachment":[{"href":"https:\/\/eldiariodesanpedro.com.ar\/sitio\/wp-json\/wp\/v2\/media?parent=40094"}],"wp:term":[{"taxonomy":"category","embeddable":true,"href":"https:\/\/eldiariodesanpedro.com.ar\/sitio\/wp-json\/wp\/v2\/categories?post=40094"},{"taxonomy":"post_tag","embeddable":true,"href":"https:\/\/eldiariodesanpedro.com.ar\/sitio\/wp-json\/wp\/v2\/tags?post=40094"}],"curies":[{"name":"wp","href":"https:\/\/api.w.org\/{rel}","templated":true}]}}