{"id":40090,"date":"2018-09-12T20:33:28","date_gmt":"2018-09-12T23:33:28","guid":{"rendered":"https:\/\/eldiariodesanpedro.com.ar\/sitio\/?p=40090"},"modified":"2018-09-12T20:33:28","modified_gmt":"2018-09-12T23:33:28","slug":"pelota-paleta-la-polemica-se-traslada-al-hcd","status":"publish","type":"post","link":"https:\/\/eldiariodesanpedro.com.ar\/sitio\/pelota-paleta-la-polemica-se-traslada-al-hcd\/","title":{"rendered":"Pelota Paleta: La pol\u00e9mica se traslada al HCD"},"content":{"rendered":"<p><!-- VideographyWP Plugin Message: Automatic video embedding prevented by plugin options. --><br \/>\nCon el objetivo de que la cancha sea declarada \u201cmonumento hist\u00f3rico\u201d los jugadores se presentaron ante los bloques de concejales. Tambi\u00e9n dieron explicaciones las autoridades del Centro de Comercio. Mientras tanto la cancha permanece cerrada.<\/p>\n<p>  Desde hace unos a\u00f1os en el deporte de San Pedro se viene emparejado para abajo y la decisi\u00f3n tomada por la actual dirigencia del Centro de Comercio es un fiel reflejo. Como la disciplina no es rentable para la instituci\u00f3n decidieron poner en alquiler el sector en donde hasta hace unos d\u00edas funcion\u00f3 uno de los escenarios deportivos con m\u00e1s historia de la regi\u00f3n y terminar abruptamente con la actividad que desde hace muchos a\u00f1os se desarrolla en esa instituci\u00f3n.<\/p>\n<p>  Desde hace muchos a\u00f1os la Pelota a Paleta es una de las hist\u00f3ricas disciplinas deportivas que se practican en la ciudad, logrando contar con una cancha que es la envidia de todos y donde no todas las ciudades cuentan con un escenario como este. Una obra que hoy ser\u00eda imposible proyectar por los altos valores que demanda su construcci\u00f3n.<br \/>\n  En los \u00faltimos d\u00edas la mayor\u00eda de las disciplinas que se practican en la ciudad salieron en defensa de la Pelota Paleta y en contra de la decisi\u00f3n de las autoridades del Centro de Comercio. En el f\u00fatbol, en el b\u00e1squet, la nataci\u00f3n, el rugby, futbol infantil, o deportistas campeones mundiales y ol\u00edmpicos como Julio Alsogaray, Brenda Rojas y Silvio Velo se sumaron a la campa\u00f1a \u201cNo al cierre de la cancha de Pelota Paleta\u201d y as\u00ed lo hicieron saber a trav\u00e9s de las redes sociales.<\/p>\n<p>  Este martes, los jugadores de Pelota Paleta, m\u00e1s ex jugadores, ex dirigentes y colaboradores, solicitaron al Concejo Deliberante que se declare a la cancha en cuesti\u00f3n \u201cmonumento hist\u00f3rico\u201d, algo l\u00f3gico para un escenario que ha sido testigo de gran parte de la historia deportiva de la ciudad.<\/p>\n<p>  El presidente del CCI, Mauro Troilo, tambi\u00e9n se present\u00f3 este martes en el HCD para exponer la posici\u00f3n de la entidad y ahora ser\u00e1n los concejales quienes decidir\u00e1n si hacen lugar a lo solicitado por los jugadores.<\/p>\n<p>Fuente: San Pedro Informa<\/p>\n","protected":false},"excerpt":{"rendered":"<p>Con el objetivo de que la cancha sea declarada \u201cmonumento hist\u00f3rico\u201d los jugadores se presentaron ante los bloques de concejales. Tambi\u00e9n dieron explicaciones las autoridades del Centro de Comercio. Mientras tanto la cancha permanece cerrada. Desde hace unos a\u00f1os en el deporte de San Pedro se viene emparejado para abajo y la decisi\u00f3n tomada por [&hellip;]<\/p>\n","protected":false},"author":4,"featured_media":40092,"comment_status":"open","ping_status":"closed","sticky":false,"template":"","format":"standard","meta":{"om_disable_all_campaigns":false,"_jetpack_memberships_contains_paid_content":false,"footnotes":""},"categories":[101,2],"tags":[],"class_list":["post-40090","post","type-post","status-publish","format-standard","has-post-thumbnail","hentry","category-interes-general-locales","category-locales"],"aioseo_notices":[],"gutentor_comment":0,"jetpack_featured_media_url":"https:\/\/eldiariodesanpedro.com.ar\/sitio\/wp-content\/uploads\/2018\/09\/pelota-paleta-san-pedro.jpg","jetpack_shortlink":"https:\/\/wp.me\/p6RhLt-aqC","jetpack_sharing_enabled":true,"_links":{"self":[{"href":"https:\/\/eldiariodesanpedro.com.ar\/sitio\/wp-json\/wp\/v2\/posts\/40090","targetHints":{"allow":["GET"]}}],"collection":[{"href":"https:\/\/eldiariodesanpedro.com.ar\/sitio\/wp-json\/wp\/v2\/posts"}],"about":[{"href":"https:\/\/eldiariodesanpedro.com.ar\/sitio\/wp-json\/wp\/v2\/types\/post"}],"author":[{"embeddable":true,"href":"https:\/\/eldiariodesanpedro.com.ar\/sitio\/wp-json\/wp\/v2\/users\/4"}],"replies":[{"embeddable":true,"href":"https:\/\/eldiariodesanpedro.com.ar\/sitio\/wp-json\/wp\/v2\/comments?post=40090"}],"version-history":[{"count":1,"href":"https:\/\/eldiariodesanpedro.com.ar\/sitio\/wp-json\/wp\/v2\/posts\/40090\/revisions"}],"predecessor-version":[{"id":40093,"href":"https:\/\/eldiariodesanpedro.com.ar\/sitio\/wp-json\/wp\/v2\/posts\/40090\/revisions\/40093"}],"wp:featuredmedia":[{"embeddable":true,"href":"https:\/\/eldiariodesanpedro.com.ar\/sitio\/wp-json\/wp\/v2\/media\/40092"}],"wp:attachment":[{"href":"https:\/\/eldiariodesanpedro.com.ar\/sitio\/wp-json\/wp\/v2\/media?parent=40090"}],"wp:term":[{"taxonomy":"category","embeddable":true,"href":"https:\/\/eldiariodesanpedro.com.ar\/sitio\/wp-json\/wp\/v2\/categories?post=40090"},{"taxonomy":"post_tag","embeddable":true,"href":"https:\/\/eldiariodesanpedro.com.ar\/sitio\/wp-json\/wp\/v2\/tags?post=40090"}],"curies":[{"name":"wp","href":"https:\/\/api.w.org\/{rel}","templated":true}]}}