{"id":40085,"date":"2018-09-12T19:48:48","date_gmt":"2018-09-12T22:48:48","guid":{"rendered":"https:\/\/eldiariodesanpedro.com.ar\/sitio\/?p=40085"},"modified":"2018-09-12T19:48:48","modified_gmt":"2018-09-12T22:48:48","slug":"el-ejecutivo-municipal-y-los-gremios-lograron-llegar-a-un-acuerdo","status":"publish","type":"post","link":"https:\/\/eldiariodesanpedro.com.ar\/sitio\/el-ejecutivo-municipal-y-los-gremios-lograron-llegar-a-un-acuerdo\/","title":{"rendered":"El ejecutivo municipal y los gremios lograron llegar a un acuerdo"},"content":{"rendered":"<p><!-- VideographyWP Plugin Message: Automatic video embedding prevented by plugin options. --><br \/>\nEste martes se realiz\u00f3 la reuni\u00f3n de paritarias como estaba prevista, logrando tras varios cuartos intermedios llegar a un acuerdo entre el ejecutivo y los sindicatos que representan a los trabajadores municipales.<\/p>\n<p>La Mesa de Relaciones Laborales que comenz\u00f3 a las 14.00 de este martes termin\u00f3 con la firma de un acta de acuerdo entre el gobierno y los sindicatos que representan a los trabajadores municipales cercanas las 22 hs, las partes acordaron un aumento del 8 % a pagar el mes que viene, con el sueldo de septiembre.<\/p>\n<p>As\u00ed, al 4,5 % correspondiente a la \u00faltima cuota del primer acuerdo paritario del a\u00f1o, sumaron un 3,5 %, que lleva el porcentaje hasta el momento a 19,5 puntos de aumento en lo que va del a\u00f1o, y el compromiso de volver a discutir, mes a mes, hasta que termine el ejercicio 2018 y en funci\u00f3n del proceso inflacionario.<\/p>\n<p>Tanto ATE como el Sindicato de Trabajadores Municipales pidieron que el aumento sea al salario b\u00e1sico y del 10 por ciento. El gobierno indic\u00f3 que podr\u00edan acercarse dos puntos por encima de lo acordado, es decir al 6,5 %, y finalmente cerraron en un 8 por ciento para septiembre.<\/p>\n","protected":false},"excerpt":{"rendered":"<p>Este martes se realiz\u00f3 la reuni\u00f3n de paritarias como estaba prevista, logrando tras varios cuartos intermedios llegar a un acuerdo entre el ejecutivo y los sindicatos que representan a los trabajadores municipales. La Mesa de Relaciones Laborales que comenz\u00f3 a las 14.00 de este martes termin\u00f3 con la firma de un acta de acuerdo entre [&hellip;]<\/p>\n","protected":false},"author":4,"featured_media":39906,"comment_status":"open","ping_status":"closed","sticky":false,"template":"","format":"standard","meta":{"om_disable_all_campaigns":false,"_jetpack_memberships_contains_paid_content":false,"footnotes":""},"categories":[2,102],"tags":[],"class_list":["post-40085","post","type-post","status-publish","format-standard","has-post-thumbnail","hentry","category-locales","category-politica-locales"],"aioseo_notices":[],"gutentor_comment":0,"jetpack_featured_media_url":"https:\/\/eldiariodesanpedro.com.ar\/sitio\/wp-content\/uploads\/2018\/09\/TAPA-1.jpg","jetpack_shortlink":"https:\/\/wp.me\/p6RhLt-aqx","jetpack_sharing_enabled":true,"_links":{"self":[{"href":"https:\/\/eldiariodesanpedro.com.ar\/sitio\/wp-json\/wp\/v2\/posts\/40085","targetHints":{"allow":["GET"]}}],"collection":[{"href":"https:\/\/eldiariodesanpedro.com.ar\/sitio\/wp-json\/wp\/v2\/posts"}],"about":[{"href":"https:\/\/eldiariodesanpedro.com.ar\/sitio\/wp-json\/wp\/v2\/types\/post"}],"author":[{"embeddable":true,"href":"https:\/\/eldiariodesanpedro.com.ar\/sitio\/wp-json\/wp\/v2\/users\/4"}],"replies":[{"embeddable":true,"href":"https:\/\/eldiariodesanpedro.com.ar\/sitio\/wp-json\/wp\/v2\/comments?post=40085"}],"version-history":[{"count":1,"href":"https:\/\/eldiariodesanpedro.com.ar\/sitio\/wp-json\/wp\/v2\/posts\/40085\/revisions"}],"predecessor-version":[{"id":40086,"href":"https:\/\/eldiariodesanpedro.com.ar\/sitio\/wp-json\/wp\/v2\/posts\/40085\/revisions\/40086"}],"wp:featuredmedia":[{"embeddable":true,"href":"https:\/\/eldiariodesanpedro.com.ar\/sitio\/wp-json\/wp\/v2\/media\/39906"}],"wp:attachment":[{"href":"https:\/\/eldiariodesanpedro.com.ar\/sitio\/wp-json\/wp\/v2\/media?parent=40085"}],"wp:term":[{"taxonomy":"category","embeddable":true,"href":"https:\/\/eldiariodesanpedro.com.ar\/sitio\/wp-json\/wp\/v2\/categories?post=40085"},{"taxonomy":"post_tag","embeddable":true,"href":"https:\/\/eldiariodesanpedro.com.ar\/sitio\/wp-json\/wp\/v2\/tags?post=40085"}],"curies":[{"name":"wp","href":"https:\/\/api.w.org\/{rel}","templated":true}]}}