{"id":40081,"date":"2018-09-12T18:44:07","date_gmt":"2018-09-12T21:44:07","guid":{"rendered":"https:\/\/eldiariodesanpedro.com.ar\/sitio\/?p=40081"},"modified":"2018-09-12T18:44:56","modified_gmt":"2018-09-12T21:44:56","slug":"nuevamente-se-posterga-el-mega-festival-del-aire-por-condiciones-climaticas","status":"publish","type":"post","link":"https:\/\/eldiariodesanpedro.com.ar\/sitio\/nuevamente-se-posterga-el-mega-festival-del-aire-por-condiciones-climaticas\/","title":{"rendered":"Nuevamente se posterga el Mega Festival del Aire por condiciones clim\u00e1ticas"},"content":{"rendered":"<p><!-- VideographyWP Plugin Message: Automatic video embedding prevented by plugin options. --><br \/>\nLa Municipalidad de San Pedro desde la Direcci\u00f3n de Turismo y la Agrupaci\u00f3n 4 Caminos informan que ante las condiciones clim\u00e1ticas pronosticadas para el pr\u00f3ximo fin de semana se ha resuelto postergar nuevamente el Mega Festival del Aire.<\/p>\n<p>La nueva fecha elegida es el fin de semana del 24 y 25 de noviembre contando con todas las atracciones ya previstas y esperando que las condiciones generales hagan propicia una gran fiesta.<\/p>\n<p>Agradecemos a todos los que vienen colaborando y a quienes han comprometido lo mejor de s\u00ed para adaptarse a estas circunstancias.<\/p>\n","protected":false},"excerpt":{"rendered":"<p>La Municipalidad de San Pedro desde la Direcci\u00f3n de Turismo y la Agrupaci\u00f3n 4 Caminos informan que ante las condiciones clim\u00e1ticas pronosticadas para el pr\u00f3ximo fin de semana se ha resuelto postergar nuevamente el Mega Festival del Aire. La nueva fecha elegida es el fin de semana del 24 y 25 de noviembre contando con [&hellip;]<\/p>\n","protected":false},"author":4,"featured_media":40082,"comment_status":"open","ping_status":"closed","sticky":false,"template":"","format":"standard","meta":{"om_disable_all_campaigns":false,"_jetpack_memberships_contains_paid_content":false,"footnotes":""},"categories":[101,2],"tags":[],"class_list":["post-40081","post","type-post","status-publish","format-standard","has-post-thumbnail","hentry","category-interes-general-locales","category-locales"],"aioseo_notices":[],"gutentor_comment":0,"jetpack_featured_media_url":"https:\/\/eldiariodesanpedro.com.ar\/sitio\/wp-content\/uploads\/2018\/09\/unnamed-2.jpg","jetpack_shortlink":"https:\/\/wp.me\/p6RhLt-aqt","jetpack_sharing_enabled":true,"_links":{"self":[{"href":"https:\/\/eldiariodesanpedro.com.ar\/sitio\/wp-json\/wp\/v2\/posts\/40081","targetHints":{"allow":["GET"]}}],"collection":[{"href":"https:\/\/eldiariodesanpedro.com.ar\/sitio\/wp-json\/wp\/v2\/posts"}],"about":[{"href":"https:\/\/eldiariodesanpedro.com.ar\/sitio\/wp-json\/wp\/v2\/types\/post"}],"author":[{"embeddable":true,"href":"https:\/\/eldiariodesanpedro.com.ar\/sitio\/wp-json\/wp\/v2\/users\/4"}],"replies":[{"embeddable":true,"href":"https:\/\/eldiariodesanpedro.com.ar\/sitio\/wp-json\/wp\/v2\/comments?post=40081"}],"version-history":[{"count":2,"href":"https:\/\/eldiariodesanpedro.com.ar\/sitio\/wp-json\/wp\/v2\/posts\/40081\/revisions"}],"predecessor-version":[{"id":40084,"href":"https:\/\/eldiariodesanpedro.com.ar\/sitio\/wp-json\/wp\/v2\/posts\/40081\/revisions\/40084"}],"wp:featuredmedia":[{"embeddable":true,"href":"https:\/\/eldiariodesanpedro.com.ar\/sitio\/wp-json\/wp\/v2\/media\/40082"}],"wp:attachment":[{"href":"https:\/\/eldiariodesanpedro.com.ar\/sitio\/wp-json\/wp\/v2\/media?parent=40081"}],"wp:term":[{"taxonomy":"category","embeddable":true,"href":"https:\/\/eldiariodesanpedro.com.ar\/sitio\/wp-json\/wp\/v2\/categories?post=40081"},{"taxonomy":"post_tag","embeddable":true,"href":"https:\/\/eldiariodesanpedro.com.ar\/sitio\/wp-json\/wp\/v2\/tags?post=40081"}],"curies":[{"name":"wp","href":"https:\/\/api.w.org\/{rel}","templated":true}]}}