{"id":40075,"date":"2018-09-12T11:15:15","date_gmt":"2018-09-12T14:15:15","guid":{"rendered":"https:\/\/eldiariodesanpedro.com.ar\/sitio\/?p=40075"},"modified":"2018-09-12T11:15:15","modified_gmt":"2018-09-12T14:15:15","slug":"ramallo-encontraron-el-cuerpo-de-una-mujer-en-el-arroyo-ramallo","status":"publish","type":"post","link":"https:\/\/eldiariodesanpedro.com.ar\/sitio\/ramallo-encontraron-el-cuerpo-de-una-mujer-en-el-arroyo-ramallo\/","title":{"rendered":"RAMALLO: Encontraron el cuerpo de una mujer en el arroyo Ramallo"},"content":{"rendered":"<p><!-- VideographyWP Plugin Message: Automatic video embedding prevented by plugin options. --><br \/>\nAyer a la tarde, personal de Prefectura rescat\u00f3 de las aguas del Arroyo Ramallo el cuerpo sin vida de Teresa Isabel Balistreri de 72 a\u00f1os. La UFI a cargo del Dr. Tempo investiga para saber los causales de la muerte, que aparentemente se tratar\u00eda de un suicidio.<\/p>\n<p>Ayer, en horas de la tarde, un lamentable episodio tuvo lugar en barrio Somisa cuando los vecinos alertaron a las autoridades de que se hallar\u00eda un cad\u00e1ver flotando en el r\u00edo. Enseguida personal de Prefectura Naval Argentina rescat\u00f3 el cuerpo de quien fuera Teresa Isabel Balistreri de 72 a\u00f1os. <\/p>\n<p>Antes de este episodio la mujer fue vista deambulando cerca del r\u00edo, pero nadie vio el momento en que la misma cay\u00f3 a las aguas que bordean el barrio.<\/p>\n<p>Enfermedad<\/p>\n<p>Aparentemente la mujer padecer\u00eda de alguna enfermedad y seg\u00fan lo comentado por vecinos se hallar\u00eda con un cuadro depresivo producto de la misma, manifestando sus dolencias.<\/p>\n<p>La mujer hab\u00eda estado a la ma\u00f1ana en una cl\u00ednica del centro de la ciudad y de repente, sin que su marido se diera cuenta, se habr\u00eda ido al barrio Somisa donde resid\u00eda, con el tr\u00e1gico desenlace.<\/p>\n<p>Al cargo de la investigaci\u00f3n se encuentra la UFI en turno del Dr. Tempo. Se esperan los resultados de la autopsia para determinar fehacientemente los causales de la muerte.<\/p>\n<p>Fuente: Diario El Norte<\/p>\n","protected":false},"excerpt":{"rendered":"<p>Ayer a la tarde, personal de Prefectura rescat\u00f3 de las aguas del Arroyo Ramallo el cuerpo sin vida de Teresa Isabel Balistreri de 72 a\u00f1os. La UFI a cargo del Dr. Tempo investiga para saber los causales de la muerte, que aparentemente se tratar\u00eda de un suicidio. Ayer, en horas de la tarde, un lamentable [&hellip;]<\/p>\n","protected":false},"author":4,"featured_media":40076,"comment_status":"open","ping_status":"closed","sticky":false,"template":"","format":"standard","meta":{"om_disable_all_campaigns":false,"_jetpack_memberships_contains_paid_content":false,"footnotes":""},"categories":[621],"tags":[],"class_list":["post-40075","post","type-post","status-publish","format-standard","has-post-thumbnail","hentry","category-regionales"],"aioseo_notices":[],"gutentor_comment":0,"jetpack_featured_media_url":"https:\/\/eldiariodesanpedro.com.ar\/sitio\/wp-content\/uploads\/2018\/09\/elnorte5b97801f819e7_6-muerta-3x10.jpg","jetpack_shortlink":"https:\/\/wp.me\/p6RhLt-aqn","jetpack_sharing_enabled":true,"_links":{"self":[{"href":"https:\/\/eldiariodesanpedro.com.ar\/sitio\/wp-json\/wp\/v2\/posts\/40075","targetHints":{"allow":["GET"]}}],"collection":[{"href":"https:\/\/eldiariodesanpedro.com.ar\/sitio\/wp-json\/wp\/v2\/posts"}],"about":[{"href":"https:\/\/eldiariodesanpedro.com.ar\/sitio\/wp-json\/wp\/v2\/types\/post"}],"author":[{"embeddable":true,"href":"https:\/\/eldiariodesanpedro.com.ar\/sitio\/wp-json\/wp\/v2\/users\/4"}],"replies":[{"embeddable":true,"href":"https:\/\/eldiariodesanpedro.com.ar\/sitio\/wp-json\/wp\/v2\/comments?post=40075"}],"version-history":[{"count":1,"href":"https:\/\/eldiariodesanpedro.com.ar\/sitio\/wp-json\/wp\/v2\/posts\/40075\/revisions"}],"predecessor-version":[{"id":40077,"href":"https:\/\/eldiariodesanpedro.com.ar\/sitio\/wp-json\/wp\/v2\/posts\/40075\/revisions\/40077"}],"wp:featuredmedia":[{"embeddable":true,"href":"https:\/\/eldiariodesanpedro.com.ar\/sitio\/wp-json\/wp\/v2\/media\/40076"}],"wp:attachment":[{"href":"https:\/\/eldiariodesanpedro.com.ar\/sitio\/wp-json\/wp\/v2\/media?parent=40075"}],"wp:term":[{"taxonomy":"category","embeddable":true,"href":"https:\/\/eldiariodesanpedro.com.ar\/sitio\/wp-json\/wp\/v2\/categories?post=40075"},{"taxonomy":"post_tag","embeddable":true,"href":"https:\/\/eldiariodesanpedro.com.ar\/sitio\/wp-json\/wp\/v2\/tags?post=40075"}],"curies":[{"name":"wp","href":"https:\/\/api.w.org\/{rel}","templated":true}]}}