{"id":40069,"date":"2018-09-12T10:46:16","date_gmt":"2018-09-12T13:46:16","guid":{"rendered":"https:\/\/eldiariodesanpedro.com.ar\/sitio\/?p=40069"},"modified":"2018-09-12T10:46:16","modified_gmt":"2018-09-12T13:46:16","slug":"santa-lucia-ecologica-sigue-creciendo","status":"publish","type":"post","link":"https:\/\/eldiariodesanpedro.com.ar\/sitio\/santa-lucia-ecologica-sigue-creciendo\/","title":{"rendered":"Santa Lucia Ecol\u00f3gica sigue creciendo"},"content":{"rendered":"<p><!-- VideographyWP Plugin Message: Automatic video embedding prevented by plugin options. --><br \/>\nFortaleciendo su principal objetivo concientizar a la comunidad sobre la importancia de cambiar algunos h\u00e1bitos para favorecer al medioambiente.<\/p>\n<p>Desde su primera campa\u00f1a, realizada a principios del mes de julio, incentiva a la poblaci\u00f3n santalucense a separar el pl\u00e1stico del resto de los residuos dom\u00e9sticos, acondicionarlos m\u00ednimamente y acercarlos al Punto Verde los d\u00edas de recolecci\u00f3n. La comunicaci\u00f3n se logra a trav\u00e9s del uso de redes sociales y de FM del Sol que generosamente se suma a la propuesta. <\/p>\n<p>Atento a la potencial predisposici\u00f3n genuina que los ni\u00f1os tienen ante temas ambientales, este grupo de voluntarios realiza charlas en las escuelas y jardines locales. Para los m\u00e1s peque\u00f1os cuenta con un cuento ilustrado con figuras m\u00f3viles llamado \u00abLa tortuga del Chac\u00f3n\u00bb. Se trata de un relato infantil donde se presenta el problema de los pl\u00e1sticos que llegan hasta el arroyo \u00abEl Chac\u00f3n\u00bb y el peligro que \u00e9stos representan para los animales que habitan el lugar.<\/p>\n<p>El grupo Santa Luc\u00eda Ecol\u00f3gica aprovecha este medio para recordar que la pr\u00f3xima campa\u00f1a de recolecci\u00f3n de pl\u00e1sticos en Santa Luc\u00eda ser\u00e1 el lunes 1\u00b0 de octubre.<\/p>\n","protected":false},"excerpt":{"rendered":"<p>Fortaleciendo su principal objetivo concientizar a la comunidad sobre la importancia de cambiar algunos h\u00e1bitos para favorecer al medioambiente. Desde su primera campa\u00f1a, realizada a principios del mes de julio, incentiva a la poblaci\u00f3n santalucense a separar el pl\u00e1stico del resto de los residuos dom\u00e9sticos, acondicionarlos m\u00ednimamente y acercarlos al Punto Verde los d\u00edas de [&hellip;]<\/p>\n","protected":false},"author":4,"featured_media":40070,"comment_status":"open","ping_status":"closed","sticky":false,"template":"","format":"standard","meta":{"om_disable_all_campaigns":false,"_jetpack_memberships_contains_paid_content":false,"footnotes":""},"categories":[101,2],"tags":[],"class_list":["post-40069","post","type-post","status-publish","format-standard","has-post-thumbnail","hentry","category-interes-general-locales","category-locales"],"aioseo_notices":[],"gutentor_comment":0,"jetpack_featured_media_url":"https:\/\/eldiariodesanpedro.com.ar\/sitio\/wp-content\/uploads\/2018\/09\/WhatsApp-Image-2018-09-12-at-07.34.32.jpeg","jetpack_shortlink":"https:\/\/wp.me\/p6RhLt-aqh","jetpack_sharing_enabled":true,"_links":{"self":[{"href":"https:\/\/eldiariodesanpedro.com.ar\/sitio\/wp-json\/wp\/v2\/posts\/40069","targetHints":{"allow":["GET"]}}],"collection":[{"href":"https:\/\/eldiariodesanpedro.com.ar\/sitio\/wp-json\/wp\/v2\/posts"}],"about":[{"href":"https:\/\/eldiariodesanpedro.com.ar\/sitio\/wp-json\/wp\/v2\/types\/post"}],"author":[{"embeddable":true,"href":"https:\/\/eldiariodesanpedro.com.ar\/sitio\/wp-json\/wp\/v2\/users\/4"}],"replies":[{"embeddable":true,"href":"https:\/\/eldiariodesanpedro.com.ar\/sitio\/wp-json\/wp\/v2\/comments?post=40069"}],"version-history":[{"count":1,"href":"https:\/\/eldiariodesanpedro.com.ar\/sitio\/wp-json\/wp\/v2\/posts\/40069\/revisions"}],"predecessor-version":[{"id":40071,"href":"https:\/\/eldiariodesanpedro.com.ar\/sitio\/wp-json\/wp\/v2\/posts\/40069\/revisions\/40071"}],"wp:featuredmedia":[{"embeddable":true,"href":"https:\/\/eldiariodesanpedro.com.ar\/sitio\/wp-json\/wp\/v2\/media\/40070"}],"wp:attachment":[{"href":"https:\/\/eldiariodesanpedro.com.ar\/sitio\/wp-json\/wp\/v2\/media?parent=40069"}],"wp:term":[{"taxonomy":"category","embeddable":true,"href":"https:\/\/eldiariodesanpedro.com.ar\/sitio\/wp-json\/wp\/v2\/categories?post=40069"},{"taxonomy":"post_tag","embeddable":true,"href":"https:\/\/eldiariodesanpedro.com.ar\/sitio\/wp-json\/wp\/v2\/tags?post=40069"}],"curies":[{"name":"wp","href":"https:\/\/api.w.org\/{rel}","templated":true}]}}