{"id":40063,"date":"2018-09-12T10:22:39","date_gmt":"2018-09-12T13:22:39","guid":{"rendered":"https:\/\/eldiariodesanpedro.com.ar\/sitio\/?p=40063"},"modified":"2018-09-12T10:22:39","modified_gmt":"2018-09-12T13:22:39","slug":"recuperan-motocicleta-robada-en-los-primeros-dias-de-esta-noche","status":"publish","type":"post","link":"https:\/\/eldiariodesanpedro.com.ar\/sitio\/recuperan-motocicleta-robada-en-los-primeros-dias-de-esta-noche\/","title":{"rendered":"Recuperan motocicleta robada en los primeros dias de esta noche"},"content":{"rendered":"<p><!-- VideographyWP Plugin Message: Automatic video embedding prevented by plugin options. --><br \/>\nEste martes el personal de la comisaria local  juntamente con personal del Destacamento de R\u00edo tala en el marco de distintos operativos realizados en Mitre entre calle Camelino y calle San Mart\u00edn de la vecina localidad se logro a la aprehensi\u00f3n de un masculino menor de 14 a\u00f1os, quien circulaba motocicleta que registra secuestro activo con fecha alta 16 de mayo de 2018 a requerimiento de la fiscal\u00eda local en hecho de Hurto de motoveh\u00edculo.<\/p>\n<p>Se labraron actuaciones con intervenci\u00f3n de la fiscal\u00eda del Joven San Nicol\u00e1s, y el joven tras cumplimentar recaudos fue entregado a sus padres.<\/p>\n","protected":false},"excerpt":{"rendered":"<p>Este martes el personal de la comisaria local juntamente con personal del Destacamento de R\u00edo tala en el marco de distintos operativos realizados en Mitre entre calle Camelino y calle San Mart\u00edn de la vecina localidad se logro a la aprehensi\u00f3n de un masculino menor de 14 a\u00f1os, quien circulaba motocicleta que registra secuestro activo [&hellip;]<\/p>\n","protected":false},"author":4,"featured_media":11797,"comment_status":"open","ping_status":"closed","sticky":false,"template":"","format":"standard","meta":{"om_disable_all_campaigns":false,"_jetpack_memberships_contains_paid_content":false,"footnotes":""},"categories":[2,103],"tags":[],"class_list":["post-40063","post","type-post","status-publish","format-standard","has-post-thumbnail","hentry","category-locales","category-policiales-locales"],"aioseo_notices":[],"gutentor_comment":0,"jetpack_featured_media_url":"https:\/\/eldiariodesanpedro.com.ar\/sitio\/wp-content\/uploads\/2016\/12\/moto-secuestrada.jpg","jetpack_shortlink":"https:\/\/wp.me\/p6RhLt-aqb","jetpack_sharing_enabled":true,"_links":{"self":[{"href":"https:\/\/eldiariodesanpedro.com.ar\/sitio\/wp-json\/wp\/v2\/posts\/40063","targetHints":{"allow":["GET"]}}],"collection":[{"href":"https:\/\/eldiariodesanpedro.com.ar\/sitio\/wp-json\/wp\/v2\/posts"}],"about":[{"href":"https:\/\/eldiariodesanpedro.com.ar\/sitio\/wp-json\/wp\/v2\/types\/post"}],"author":[{"embeddable":true,"href":"https:\/\/eldiariodesanpedro.com.ar\/sitio\/wp-json\/wp\/v2\/users\/4"}],"replies":[{"embeddable":true,"href":"https:\/\/eldiariodesanpedro.com.ar\/sitio\/wp-json\/wp\/v2\/comments?post=40063"}],"version-history":[{"count":1,"href":"https:\/\/eldiariodesanpedro.com.ar\/sitio\/wp-json\/wp\/v2\/posts\/40063\/revisions"}],"predecessor-version":[{"id":40064,"href":"https:\/\/eldiariodesanpedro.com.ar\/sitio\/wp-json\/wp\/v2\/posts\/40063\/revisions\/40064"}],"wp:featuredmedia":[{"embeddable":true,"href":"https:\/\/eldiariodesanpedro.com.ar\/sitio\/wp-json\/wp\/v2\/media\/11797"}],"wp:attachment":[{"href":"https:\/\/eldiariodesanpedro.com.ar\/sitio\/wp-json\/wp\/v2\/media?parent=40063"}],"wp:term":[{"taxonomy":"category","embeddable":true,"href":"https:\/\/eldiariodesanpedro.com.ar\/sitio\/wp-json\/wp\/v2\/categories?post=40063"},{"taxonomy":"post_tag","embeddable":true,"href":"https:\/\/eldiariodesanpedro.com.ar\/sitio\/wp-json\/wp\/v2\/tags?post=40063"}],"curies":[{"name":"wp","href":"https:\/\/api.w.org\/{rel}","templated":true}]}}