{"id":40060,"date":"2018-09-12T10:13:31","date_gmt":"2018-09-12T13:13:31","guid":{"rendered":"https:\/\/eldiariodesanpedro.com.ar\/sitio\/?p=40060"},"modified":"2018-09-12T10:13:31","modified_gmt":"2018-09-12T13:13:31","slug":"un-aprehendido-por-violencia-de-genero-2","status":"publish","type":"post","link":"https:\/\/eldiariodesanpedro.com.ar\/sitio\/un-aprehendido-por-violencia-de-genero-2\/","title":{"rendered":"Un aprehendido por violencia de genero"},"content":{"rendered":"<p><!-- VideographyWP Plugin Message: Automatic video embedding prevented by plugin options. --><br \/>\nUn hombre fue aprehendido tras agredir f\u00edsicamente y amenazara a su ex pareja en la v\u00eda p\u00fablica <\/p>\n<p>En la noche de este martes cercanas las 23 hs un m\u00f3vil policial se hizo presente en al intersecci\u00f3n de las calles 25 de Mayo y Auli donde se aprehendi\u00f3 a un hombre de 25 a\u00f1os quien agredi\u00f3 f\u00edsicamente a su ex pareja adem\u00e1s de amenazarla de muerte y provocar da\u00f1os en la motocicleta en la que se movilizaba.<\/p>\n<p>Investiga el hecho la fiscal\u00eda en turno de San Pedro, permaneciendo el aprehendido en sede policial a disposici\u00f3n judicial. La v\u00edctima fue asistida tambi\u00e9n en la Comisar\u00eda de la Mujer.<\/p>\n","protected":false},"excerpt":{"rendered":"<p>Un hombre fue aprehendido tras agredir f\u00edsicamente y amenazara a su ex pareja en la v\u00eda p\u00fablica En la noche de este martes cercanas las 23 hs un m\u00f3vil policial se hizo presente en al intersecci\u00f3n de las calles 25 de Mayo y Auli donde se aprehendi\u00f3 a un hombre de 25 a\u00f1os quien agredi\u00f3 [&hellip;]<\/p>\n","protected":false},"author":4,"featured_media":3957,"comment_status":"open","ping_status":"closed","sticky":false,"template":"","format":"standard","meta":{"om_disable_all_campaigns":false,"_jetpack_memberships_contains_paid_content":false,"footnotes":""},"categories":[2,103],"tags":[],"class_list":["post-40060","post","type-post","status-publish","format-standard","has-post-thumbnail","hentry","category-locales","category-policiales-locales"],"aioseo_notices":[],"gutentor_comment":0,"jetpack_featured_media_url":"https:\/\/eldiariodesanpedro.com.ar\/sitio\/wp-content\/uploads\/2016\/05\/violencia-femenina-2.jpg","jetpack_shortlink":"https:\/\/wp.me\/p6RhLt-aq8","jetpack_sharing_enabled":true,"_links":{"self":[{"href":"https:\/\/eldiariodesanpedro.com.ar\/sitio\/wp-json\/wp\/v2\/posts\/40060","targetHints":{"allow":["GET"]}}],"collection":[{"href":"https:\/\/eldiariodesanpedro.com.ar\/sitio\/wp-json\/wp\/v2\/posts"}],"about":[{"href":"https:\/\/eldiariodesanpedro.com.ar\/sitio\/wp-json\/wp\/v2\/types\/post"}],"author":[{"embeddable":true,"href":"https:\/\/eldiariodesanpedro.com.ar\/sitio\/wp-json\/wp\/v2\/users\/4"}],"replies":[{"embeddable":true,"href":"https:\/\/eldiariodesanpedro.com.ar\/sitio\/wp-json\/wp\/v2\/comments?post=40060"}],"version-history":[{"count":1,"href":"https:\/\/eldiariodesanpedro.com.ar\/sitio\/wp-json\/wp\/v2\/posts\/40060\/revisions"}],"predecessor-version":[{"id":40061,"href":"https:\/\/eldiariodesanpedro.com.ar\/sitio\/wp-json\/wp\/v2\/posts\/40060\/revisions\/40061"}],"wp:featuredmedia":[{"embeddable":true,"href":"https:\/\/eldiariodesanpedro.com.ar\/sitio\/wp-json\/wp\/v2\/media\/3957"}],"wp:attachment":[{"href":"https:\/\/eldiariodesanpedro.com.ar\/sitio\/wp-json\/wp\/v2\/media?parent=40060"}],"wp:term":[{"taxonomy":"category","embeddable":true,"href":"https:\/\/eldiariodesanpedro.com.ar\/sitio\/wp-json\/wp\/v2\/categories?post=40060"},{"taxonomy":"post_tag","embeddable":true,"href":"https:\/\/eldiariodesanpedro.com.ar\/sitio\/wp-json\/wp\/v2\/tags?post=40060"}],"curies":[{"name":"wp","href":"https:\/\/api.w.org\/{rel}","templated":true}]}}