{"id":40058,"date":"2018-09-12T10:05:24","date_gmt":"2018-09-12T13:05:24","guid":{"rendered":"https:\/\/eldiariodesanpedro.com.ar\/sitio\/?p=40058"},"modified":"2018-09-12T10:05:24","modified_gmt":"2018-09-12T13:05:24","slug":"se-secuestro-una-camioneta-con-prohibicion-para-circular","status":"publish","type":"post","link":"https:\/\/eldiariodesanpedro.com.ar\/sitio\/se-secuestro-una-camioneta-con-prohibicion-para-circular\/","title":{"rendered":"Se secuestr\u00f3 una camioneta con prohibici\u00f3n para circular"},"content":{"rendered":"<p><!-- VideographyWP Plugin Message: Automatic video embedding prevented by plugin options. --><br \/>\nEste martes en horas del mediod\u00eda alrededor de las 13 hs, efectivos de la polic\u00eda de nuestra ciudad en conjunto al personal del Destacamento de Gobernador Castro y Polic\u00eda local, realizaron operativo en la intersecci\u00f3n de Camino Guzzo y Lucio Mansilla en el ingreso a la localidad de Gobernador Castro se identifica una camioneta Pick Up marca Jeep modelo Cherokee, guiado por ciudadano de 38 a\u00f1os.<\/p>\n<p>El mismo rodado resulta tener \u201cprohibici\u00f3n de circular con retenci\u00f3n cedula verde\u201d, procedi\u00e9ndose al secuestro del veh\u00edculo con intervenci\u00f3n del Juzgado de Falta San Pedro.<\/p>\n","protected":false},"excerpt":{"rendered":"<p>Este martes en horas del mediod\u00eda alrededor de las 13 hs, efectivos de la polic\u00eda de nuestra ciudad en conjunto al personal del Destacamento de Gobernador Castro y Polic\u00eda local, realizaron operativo en la intersecci\u00f3n de Camino Guzzo y Lucio Mansilla en el ingreso a la localidad de Gobernador Castro se identifica una camioneta Pick [&hellip;]<\/p>\n","protected":false},"author":4,"featured_media":28505,"comment_status":"open","ping_status":"closed","sticky":false,"template":"","format":"standard","meta":{"om_disable_all_campaigns":false,"_jetpack_memberships_contains_paid_content":false,"footnotes":""},"categories":[2,103],"tags":[],"class_list":["post-40058","post","type-post","status-publish","format-standard","has-post-thumbnail","hentry","category-locales","category-policiales-locales"],"aioseo_notices":[],"gutentor_comment":0,"jetpack_featured_media_url":"https:\/\/eldiariodesanpedro.com.ar\/sitio\/wp-content\/uploads\/2018\/01\/control-transito.jpg","jetpack_shortlink":"https:\/\/wp.me\/p6RhLt-aq6","jetpack_sharing_enabled":true,"_links":{"self":[{"href":"https:\/\/eldiariodesanpedro.com.ar\/sitio\/wp-json\/wp\/v2\/posts\/40058","targetHints":{"allow":["GET"]}}],"collection":[{"href":"https:\/\/eldiariodesanpedro.com.ar\/sitio\/wp-json\/wp\/v2\/posts"}],"about":[{"href":"https:\/\/eldiariodesanpedro.com.ar\/sitio\/wp-json\/wp\/v2\/types\/post"}],"author":[{"embeddable":true,"href":"https:\/\/eldiariodesanpedro.com.ar\/sitio\/wp-json\/wp\/v2\/users\/4"}],"replies":[{"embeddable":true,"href":"https:\/\/eldiariodesanpedro.com.ar\/sitio\/wp-json\/wp\/v2\/comments?post=40058"}],"version-history":[{"count":1,"href":"https:\/\/eldiariodesanpedro.com.ar\/sitio\/wp-json\/wp\/v2\/posts\/40058\/revisions"}],"predecessor-version":[{"id":40059,"href":"https:\/\/eldiariodesanpedro.com.ar\/sitio\/wp-json\/wp\/v2\/posts\/40058\/revisions\/40059"}],"wp:featuredmedia":[{"embeddable":true,"href":"https:\/\/eldiariodesanpedro.com.ar\/sitio\/wp-json\/wp\/v2\/media\/28505"}],"wp:attachment":[{"href":"https:\/\/eldiariodesanpedro.com.ar\/sitio\/wp-json\/wp\/v2\/media?parent=40058"}],"wp:term":[{"taxonomy":"category","embeddable":true,"href":"https:\/\/eldiariodesanpedro.com.ar\/sitio\/wp-json\/wp\/v2\/categories?post=40058"},{"taxonomy":"post_tag","embeddable":true,"href":"https:\/\/eldiariodesanpedro.com.ar\/sitio\/wp-json\/wp\/v2\/tags?post=40058"}],"curies":[{"name":"wp","href":"https:\/\/api.w.org\/{rel}","templated":true}]}}