{"id":40056,"date":"2018-09-12T09:56:50","date_gmt":"2018-09-12T12:56:50","guid":{"rendered":"https:\/\/eldiariodesanpedro.com.ar\/sitio\/?p=40056"},"modified":"2018-09-12T09:56:50","modified_gmt":"2018-09-12T12:56:50","slug":"pidio-permiso-para-entrar-al-bano-a-una-casa-y-robo-dinero-a-una-abuela","status":"publish","type":"post","link":"https:\/\/eldiariodesanpedro.com.ar\/sitio\/pidio-permiso-para-entrar-al-bano-a-una-casa-y-robo-dinero-a-una-abuela\/","title":{"rendered":"Pidi\u00f3 permiso para entrar al ba\u00f1o a una casa y rob\u00f3 dinero a una abuela"},"content":{"rendered":"<p><!-- VideographyWP Plugin Message: Automatic video embedding prevented by plugin options. --><br \/>\nEn d\u00edas pasado se produjo el robo en un domicilio de una persona de la tercera edad ingresando un delincuente y llev\u00e1ndose dinero en efectivo. Por lo que este martes se realiz\u00f3 un allanamiento con resultados positivos.<\/p>\n<p>D\u00edas atr\u00e1s se recibi\u00f3 la denuncia en un ingreso de una mujer a un domicilio ubicado en calle Las Heras al 600 solicitando a la propietaria, una mujer de la tercera de edad con dificultades para movilizarse, permiso para ingresar al ba\u00f1o. En el momento que se retira del lugar le sustrajo dinero en efectivo.<\/p>\n<p>Este martes por la tarde se realiz\u00f3 el allanamiento en un domicilio ubicado en calle Benefactora Sampedrina al 2000, donde se obtuvo resultados positivos ya que en el lugar se pudo encontrar una gran cantidad de dinero en efectivo y una motocicleta que fuera utilizada por la delincuente de 22 a\u00f1os de edad para darse a la fuga tras cometer el il\u00edcito.<\/p>\n<p>La joven fue aprehendida y trasladada a la comisaria local quedando a disposici\u00f3n de la FIscal\u00eda de turno.<\/p>\n","protected":false},"excerpt":{"rendered":"<p>En d\u00edas pasado se produjo el robo en un domicilio de una persona de la tercera edad ingresando un delincuente y llev\u00e1ndose dinero en efectivo. Por lo que este martes se realiz\u00f3 un allanamiento con resultados positivos. D\u00edas atr\u00e1s se recibi\u00f3 la denuncia en un ingreso de una mujer a un domicilio ubicado en calle [&hellip;]<\/p>\n","protected":false},"author":4,"featured_media":25826,"comment_status":"open","ping_status":"closed","sticky":false,"template":"","format":"standard","meta":{"om_disable_all_campaigns":false,"_jetpack_memberships_contains_paid_content":false,"footnotes":""},"categories":[50,2,103],"tags":[],"class_list":["post-40056","post","type-post","status-publish","format-standard","has-post-thumbnail","hentry","category-destacadas","category-locales","category-policiales-locales"],"aioseo_notices":[],"gutentor_comment":0,"jetpack_featured_media_url":"https:\/\/eldiariodesanpedro.com.ar\/sitio\/wp-content\/uploads\/2017\/11\/Se-realiz\u00f3-un-allanamiento-donde-se-encontraron-armas-utilizadas-para-il\u00edcitos.jpg","jetpack_shortlink":"https:\/\/wp.me\/p6RhLt-aq4","jetpack_sharing_enabled":true,"_links":{"self":[{"href":"https:\/\/eldiariodesanpedro.com.ar\/sitio\/wp-json\/wp\/v2\/posts\/40056","targetHints":{"allow":["GET"]}}],"collection":[{"href":"https:\/\/eldiariodesanpedro.com.ar\/sitio\/wp-json\/wp\/v2\/posts"}],"about":[{"href":"https:\/\/eldiariodesanpedro.com.ar\/sitio\/wp-json\/wp\/v2\/types\/post"}],"author":[{"embeddable":true,"href":"https:\/\/eldiariodesanpedro.com.ar\/sitio\/wp-json\/wp\/v2\/users\/4"}],"replies":[{"embeddable":true,"href":"https:\/\/eldiariodesanpedro.com.ar\/sitio\/wp-json\/wp\/v2\/comments?post=40056"}],"version-history":[{"count":1,"href":"https:\/\/eldiariodesanpedro.com.ar\/sitio\/wp-json\/wp\/v2\/posts\/40056\/revisions"}],"predecessor-version":[{"id":40057,"href":"https:\/\/eldiariodesanpedro.com.ar\/sitio\/wp-json\/wp\/v2\/posts\/40056\/revisions\/40057"}],"wp:featuredmedia":[{"embeddable":true,"href":"https:\/\/eldiariodesanpedro.com.ar\/sitio\/wp-json\/wp\/v2\/media\/25826"}],"wp:attachment":[{"href":"https:\/\/eldiariodesanpedro.com.ar\/sitio\/wp-json\/wp\/v2\/media?parent=40056"}],"wp:term":[{"taxonomy":"category","embeddable":true,"href":"https:\/\/eldiariodesanpedro.com.ar\/sitio\/wp-json\/wp\/v2\/categories?post=40056"},{"taxonomy":"post_tag","embeddable":true,"href":"https:\/\/eldiariodesanpedro.com.ar\/sitio\/wp-json\/wp\/v2\/tags?post=40056"}],"curies":[{"name":"wp","href":"https:\/\/api.w.org\/{rel}","templated":true}]}}