{"id":40050,"date":"2018-09-11T20:43:10","date_gmt":"2018-09-11T23:43:10","guid":{"rendered":"https:\/\/eldiariodesanpedro.com.ar\/sitio\/?p=40050"},"modified":"2018-09-11T20:43:10","modified_gmt":"2018-09-11T23:43:10","slug":"concejales-opositores-presentaron-un-recurso-de-amparo-contra-la-quita-del-fondo-sojero","status":"publish","type":"post","link":"https:\/\/eldiariodesanpedro.com.ar\/sitio\/concejales-opositores-presentaron-un-recurso-de-amparo-contra-la-quita-del-fondo-sojero\/","title":{"rendered":"Concejales opositores presentaron un recurso de amparo contra la quita del Fondo Sojero"},"content":{"rendered":"<p><!-- VideographyWP Plugin Message: Automatic video embedding prevented by plugin options. --><br \/>\nEn conferencia de prensa los bloques de concejales opositores explicaron en qu\u00e9 consiste la presentaci\u00f3n efectuada ante la justicia.   <\/p>\n<p>En la ma\u00f1ana del lunes los concejales de la oposici\u00f3n, Rodolfo Trelles, Mart\u00edn Baraybar, Florencia S\u00e1nchez y Soledad Llul por el bloque Frente para la Victoria- Unidad Ciudadana; Dami\u00e1n Mosquera del Bloque Justicialista y Jos\u00e9 Luis Tirelli del Frente Renovador, dieron a conocer los detalles de una presentaci\u00f3n judicial efectuada contra la medida aplicada por el Presidente Mauricio Macri quien decidi\u00f3 eliminar el Fondo Solidario Federal.<\/p>\n<p>Los ediles solicitaron mediante una presentaci\u00f3n formal ante la justicia federal que se deje sin efecto el decreto firmado por el Presidente. En principio el recurso fue rechazado porque la Corte Suprema ya que sostiene que los concejales no pueden presentar un amparo colectivo aunque los concejales afirmaron que esa resoluci\u00f3n ser\u00e1 apelada.<\/p>\n<p>\u201cEstamos solicitando que se revoque el decreto del Presidente de la Naci\u00f3n por considerarlo que es lesivo para las arcas del municipio\u201d. \u201cEn el caso de San Pedro se han ejecutado cerca de 7 millones de pesos de los casi 12 millones que estaban estipulados\u201d, explic\u00f3 Mosquera.<\/p>\n<p>\u201cPresentamos un recurso de amparo ante la justicia federal porque creemos que la situaci\u00f3n econ\u00f3mica de la provincia de Buenos Aires y del municipio requiere la inmensa responsabilidad de los actores pol\u00edticos de poder seguir sustentando este fondo\u201d, dijo Rodolfo Trelles.<\/p>\n<p>\u201cLa gravedad de la medida del gobierno de no respetar el pacto fiscal al que \u00e9l mismo hab\u00eda llamado a principio de a\u00f1o\u201d, coment\u00f3 el concejal Tirelli.<\/p>\n<p>Por su parte, el concejal  Baraybar se\u00f1al\u00f3 que \u201cel Juez en tiempo record y utilizando jurisprudencia del d\u00eda anterior, de una resoluci\u00f3n de la Corte, ha determinado que como concejales no tenemos las facultad para representar judicialmente a hacer un amparo colectivo, medida con la que no estamos de acuerdo por eso vamos a presentar la apelaci\u00f3n correspondiente\u201d, explic\u00f3 Mart\u00edn Baraybar.<\/p>\n<p>Fuente: San Pedro Informa<\/p>\n<p><img decoding=\"async\" data-attachment-id=\"40051\" data-permalink=\"https:\/\/eldiariodesanpedro.com.ar\/sitio\/concejales-opositores-presentaron-un-recurso-de-amparo-contra-la-quita-del-fondo-sojero\/whatsapp-image-2018-09-11-at-20-40-561\/\" data-orig-file=\"https:\/\/eldiariodesanpedro.com.ar\/sitio\/wp-content\/uploads\/2018\/09\/WhatsApp-Image-2018-09-11-at-20.40.561.jpeg\" data-orig-size=\"1280,622\" data-comments-opened=\"1\" data-image-meta=\"{&quot;aperture&quot;:&quot;0&quot;,&quot;credit&quot;:&quot;&quot;,&quot;camera&quot;:&quot;&quot;,&quot;caption&quot;:&quot;&quot;,&quot;created_timestamp&quot;:&quot;0&quot;,&quot;copyright&quot;:&quot;&quot;,&quot;focal_length&quot;:&quot;0&quot;,&quot;iso&quot;:&quot;0&quot;,&quot;shutter_speed&quot;:&quot;0&quot;,&quot;title&quot;:&quot;&quot;,&quot;orientation&quot;:&quot;0&quot;}\" data-image-title=\"WhatsApp Image 2018-09-11 at 20.40.56(1)\" data-image-description=\"\" data-image-caption=\"\" data-large-file=\"https:\/\/eldiariodesanpedro.com.ar\/sitio\/wp-content\/uploads\/2018\/09\/WhatsApp-Image-2018-09-11-at-20.40.561-1024x498.jpeg\" data-src=\"https:\/\/eldiariodesanpedro.com.ar\/sitio\/wp-content\/uploads\/2018\/09\/WhatsApp-Image-2018-09-11-at-20.40.561-1024x498.jpeg\" alt=\"\" width=\"660\" height=\"321\" class=\"alignnone size-large wp-image-40051 lazyload\" data-srcset=\"https:\/\/eldiariodesanpedro.com.ar\/sitio\/wp-content\/uploads\/2018\/09\/WhatsApp-Image-2018-09-11-at-20.40.561-1024x498.jpeg 1024w, https:\/\/eldiariodesanpedro.com.ar\/sitio\/wp-content\/uploads\/2018\/09\/WhatsApp-Image-2018-09-11-at-20.40.561-300x146.jpeg 300w, https:\/\/eldiariodesanpedro.com.ar\/sitio\/wp-content\/uploads\/2018\/09\/WhatsApp-Image-2018-09-11-at-20.40.561-768x373.jpeg 768w, https:\/\/eldiariodesanpedro.com.ar\/sitio\/wp-content\/uploads\/2018\/09\/WhatsApp-Image-2018-09-11-at-20.40.561.jpeg 1280w\" data-sizes=\"(max-width: 660px) 100vw, 660px\" src=\"data:image\/svg+xml;base64,PHN2ZyB3aWR0aD0iMSIgaGVpZ2h0PSIxIiB4bWxucz0iaHR0cDovL3d3dy53My5vcmcvMjAwMC9zdmciPjwvc3ZnPg==\" style=\"--smush-placeholder-width: 660px; --smush-placeholder-aspect-ratio: 660\/321;\" \/><\/p>\n<p><img decoding=\"async\" data-attachment-id=\"40052\" data-permalink=\"https:\/\/eldiariodesanpedro.com.ar\/sitio\/concejales-opositores-presentaron-un-recurso-de-amparo-contra-la-quita-del-fondo-sojero\/whatsapp-image-2018-09-11-at-20-40-56\/\" data-orig-file=\"https:\/\/eldiariodesanpedro.com.ar\/sitio\/wp-content\/uploads\/2018\/09\/WhatsApp-Image-2018-09-11-at-20.40.56.jpeg\" data-orig-size=\"1280,622\" data-comments-opened=\"1\" data-image-meta=\"{&quot;aperture&quot;:&quot;0&quot;,&quot;credit&quot;:&quot;&quot;,&quot;camera&quot;:&quot;&quot;,&quot;caption&quot;:&quot;&quot;,&quot;created_timestamp&quot;:&quot;0&quot;,&quot;copyright&quot;:&quot;&quot;,&quot;focal_length&quot;:&quot;0&quot;,&quot;iso&quot;:&quot;0&quot;,&quot;shutter_speed&quot;:&quot;0&quot;,&quot;title&quot;:&quot;&quot;,&quot;orientation&quot;:&quot;0&quot;}\" data-image-title=\"WhatsApp Image 2018-09-11 at 20.40.56\" data-image-description=\"\" data-image-caption=\"\" data-large-file=\"https:\/\/eldiariodesanpedro.com.ar\/sitio\/wp-content\/uploads\/2018\/09\/WhatsApp-Image-2018-09-11-at-20.40.56-1024x498.jpeg\" data-src=\"https:\/\/eldiariodesanpedro.com.ar\/sitio\/wp-content\/uploads\/2018\/09\/WhatsApp-Image-2018-09-11-at-20.40.56-1024x498.jpeg\" alt=\"\" width=\"660\" height=\"321\" class=\"alignnone size-large wp-image-40052 lazyload\" data-srcset=\"https:\/\/eldiariodesanpedro.com.ar\/sitio\/wp-content\/uploads\/2018\/09\/WhatsApp-Image-2018-09-11-at-20.40.56-1024x498.jpeg 1024w, https:\/\/eldiariodesanpedro.com.ar\/sitio\/wp-content\/uploads\/2018\/09\/WhatsApp-Image-2018-09-11-at-20.40.56-300x146.jpeg 300w, https:\/\/eldiariodesanpedro.com.ar\/sitio\/wp-content\/uploads\/2018\/09\/WhatsApp-Image-2018-09-11-at-20.40.56-768x373.jpeg 768w, https:\/\/eldiariodesanpedro.com.ar\/sitio\/wp-content\/uploads\/2018\/09\/WhatsApp-Image-2018-09-11-at-20.40.56.jpeg 1280w\" data-sizes=\"(max-width: 660px) 100vw, 660px\" src=\"data:image\/svg+xml;base64,PHN2ZyB3aWR0aD0iMSIgaGVpZ2h0PSIxIiB4bWxucz0iaHR0cDovL3d3dy53My5vcmcvMjAwMC9zdmciPjwvc3ZnPg==\" style=\"--smush-placeholder-width: 660px; --smush-placeholder-aspect-ratio: 660\/321;\" \/><\/p>\n<p><img decoding=\"async\" data-attachment-id=\"40053\" data-permalink=\"https:\/\/eldiariodesanpedro.com.ar\/sitio\/concejales-opositores-presentaron-un-recurso-de-amparo-contra-la-quita-del-fondo-sojero\/whatsapp-image-2018-09-11-at-20-40-57\/\" data-orig-file=\"https:\/\/eldiariodesanpedro.com.ar\/sitio\/wp-content\/uploads\/2018\/09\/WhatsApp-Image-2018-09-11-at-20.40.57.jpeg\" data-orig-size=\"1280,622\" data-comments-opened=\"1\" data-image-meta=\"{&quot;aperture&quot;:&quot;0&quot;,&quot;credit&quot;:&quot;&quot;,&quot;camera&quot;:&quot;&quot;,&quot;caption&quot;:&quot;&quot;,&quot;created_timestamp&quot;:&quot;0&quot;,&quot;copyright&quot;:&quot;&quot;,&quot;focal_length&quot;:&quot;0&quot;,&quot;iso&quot;:&quot;0&quot;,&quot;shutter_speed&quot;:&quot;0&quot;,&quot;title&quot;:&quot;&quot;,&quot;orientation&quot;:&quot;0&quot;}\" data-image-title=\"WhatsApp Image 2018-09-11 at 20.40.57\" data-image-description=\"\" data-image-caption=\"\" data-large-file=\"https:\/\/eldiariodesanpedro.com.ar\/sitio\/wp-content\/uploads\/2018\/09\/WhatsApp-Image-2018-09-11-at-20.40.57-1024x498.jpeg\" data-src=\"https:\/\/eldiariodesanpedro.com.ar\/sitio\/wp-content\/uploads\/2018\/09\/WhatsApp-Image-2018-09-11-at-20.40.57-1024x498.jpeg\" alt=\"\" width=\"660\" height=\"321\" class=\"alignnone size-large wp-image-40053 lazyload\" data-srcset=\"https:\/\/eldiariodesanpedro.com.ar\/sitio\/wp-content\/uploads\/2018\/09\/WhatsApp-Image-2018-09-11-at-20.40.57-1024x498.jpeg 1024w, https:\/\/eldiariodesanpedro.com.ar\/sitio\/wp-content\/uploads\/2018\/09\/WhatsApp-Image-2018-09-11-at-20.40.57-300x146.jpeg 300w, https:\/\/eldiariodesanpedro.com.ar\/sitio\/wp-content\/uploads\/2018\/09\/WhatsApp-Image-2018-09-11-at-20.40.57-768x373.jpeg 768w, https:\/\/eldiariodesanpedro.com.ar\/sitio\/wp-content\/uploads\/2018\/09\/WhatsApp-Image-2018-09-11-at-20.40.57.jpeg 1280w\" data-sizes=\"(max-width: 660px) 100vw, 660px\" src=\"data:image\/svg+xml;base64,PHN2ZyB3aWR0aD0iMSIgaGVpZ2h0PSIxIiB4bWxucz0iaHR0cDovL3d3dy53My5vcmcvMjAwMC9zdmciPjwvc3ZnPg==\" style=\"--smush-placeholder-width: 660px; --smush-placeholder-aspect-ratio: 660\/321;\" \/><\/p>\n","protected":false},"excerpt":{"rendered":"<p>En conferencia de prensa los bloques de concejales opositores explicaron en qu\u00e9 consiste la presentaci\u00f3n efectuada ante la justicia. En la ma\u00f1ana del lunes los concejales de la oposici\u00f3n, Rodolfo Trelles, Mart\u00edn Baraybar, Florencia S\u00e1nchez y Soledad Llul por el bloque Frente para la Victoria- Unidad Ciudadana; Dami\u00e1n Mosquera del Bloque Justicialista y Jos\u00e9 Luis [&hellip;]<\/p>\n","protected":false},"author":4,"featured_media":40052,"comment_status":"open","ping_status":"closed","sticky":false,"template":"","format":"standard","meta":{"om_disable_all_campaigns":false,"_jetpack_memberships_contains_paid_content":false,"footnotes":""},"categories":[2,102],"tags":[],"class_list":["post-40050","post","type-post","status-publish","format-standard","has-post-thumbnail","hentry","category-locales","category-politica-locales"],"aioseo_notices":[],"gutentor_comment":0,"jetpack_featured_media_url":"https:\/\/eldiariodesanpedro.com.ar\/sitio\/wp-content\/uploads\/2018\/09\/WhatsApp-Image-2018-09-11-at-20.40.56.jpeg","jetpack_shortlink":"https:\/\/wp.me\/p6RhLt-apY","jetpack_sharing_enabled":true,"_links":{"self":[{"href":"https:\/\/eldiariodesanpedro.com.ar\/sitio\/wp-json\/wp\/v2\/posts\/40050","targetHints":{"allow":["GET"]}}],"collection":[{"href":"https:\/\/eldiariodesanpedro.com.ar\/sitio\/wp-json\/wp\/v2\/posts"}],"about":[{"href":"https:\/\/eldiariodesanpedro.com.ar\/sitio\/wp-json\/wp\/v2\/types\/post"}],"author":[{"embeddable":true,"href":"https:\/\/eldiariodesanpedro.com.ar\/sitio\/wp-json\/wp\/v2\/users\/4"}],"replies":[{"embeddable":true,"href":"https:\/\/eldiariodesanpedro.com.ar\/sitio\/wp-json\/wp\/v2\/comments?post=40050"}],"version-history":[{"count":1,"href":"https:\/\/eldiariodesanpedro.com.ar\/sitio\/wp-json\/wp\/v2\/posts\/40050\/revisions"}],"predecessor-version":[{"id":40054,"href":"https:\/\/eldiariodesanpedro.com.ar\/sitio\/wp-json\/wp\/v2\/posts\/40050\/revisions\/40054"}],"wp:featuredmedia":[{"embeddable":true,"href":"https:\/\/eldiariodesanpedro.com.ar\/sitio\/wp-json\/wp\/v2\/media\/40052"}],"wp:attachment":[{"href":"https:\/\/eldiariodesanpedro.com.ar\/sitio\/wp-json\/wp\/v2\/media?parent=40050"}],"wp:term":[{"taxonomy":"category","embeddable":true,"href":"https:\/\/eldiariodesanpedro.com.ar\/sitio\/wp-json\/wp\/v2\/categories?post=40050"},{"taxonomy":"post_tag","embeddable":true,"href":"https:\/\/eldiariodesanpedro.com.ar\/sitio\/wp-json\/wp\/v2\/tags?post=40050"}],"curies":[{"name":"wp","href":"https:\/\/api.w.org\/{rel}","templated":true}]}}