{"id":40041,"date":"2018-09-11T20:25:57","date_gmt":"2018-09-11T23:25:57","guid":{"rendered":"https:\/\/eldiariodesanpedro.com.ar\/sitio\/?p=40041"},"modified":"2026-01-24T00:10:57","modified_gmt":"2026-01-24T03:10:57","slug":"en-arrecifes-la-cuna-de-campeones-recibe-al-rally-federal","status":"publish","type":"post","link":"https:\/\/eldiariodesanpedro.com.ar\/sitio\/en-arrecifes-la-cuna-de-campeones-recibe-al-rally-federal\/","title":{"rendered":"EN ARRECIFES: La \u201cCuna de campeones\u201d recibe al Rally Federal"},"content":{"rendered":"<p><!-- VideographyWP Plugin Message: Automatic video embedding prevented by plugin options. --><br \/>\nTras 22 a\u00f1os, el Rally Federal vuelve a recuperar una de sus plazas m\u00e1s importante, la ciudad cuya denominaci\u00f3n se la conoce como \u201cCuna de Campeones\u201d, Arrecifes. Tras gestiones realizadas por la actual dirigencia una de las ciudades m\u00e1s fierrera de la provincia de Buenos Aires se prepara para tener nuevamente en su tierra a la categor\u00eda con m\u00e1s historia del pa\u00eds el pr\u00f3ximo fin de semana.<\/p>\n<p>  Con casi 80 inscriptos en los d\u00edas previos, alguno de ellos figuras del automovilismo nacional, Arrecifes promete ser la fiesta del a\u00f1o para los amantes del mundo motor. Para lograr esto, la organizaci\u00f3n trabajo para diagramar tres pruebas cronometradas; Molino Viejo \u2013 Todd, este recorrido es m\u00e1s bien conocido por haber sido el \u201cPr\u00f3logo\u201d del Dakar 2016, con casi 17 kil\u00f3metros de extensi\u00f3n ser\u00e1 una de las m\u00e1s linda para manejar, con curvas muy r\u00e1pidas, saltos, puentes y otros condimentos que fascinar\u00e1 a todos los participantes. Parque Industrial \u2013 Ruta 51, ser\u00e1 otra de las especiales que contar\u00e1 con gran cantidad de curvas a lo largo de sus 12 kil\u00f3metros cronometrados. Por \u00faltimo, se diagram\u00f3 una prueba cronometrada de poco m\u00e1s de 2 kil\u00f3metros, esto ser\u00e1 dentro del predio del aut\u00f3dromo de la ciudad, donde se espera una gran concurrencia de p\u00fablico.<\/p>\n<p>  Como es habitual, la familia Solmi estar\u00e1 representando a otra de las ciudades m\u00e1s tuercas, San Pedro. Como es costumbre, V\u00edctor Manuel estar\u00e1 corriendo dentro de la competitiva N7, donde busca seguir siendo protagonista junto a los principales referentes de esta divisionales. Por otra parte \u201cViti\u201d y Nerea Solmi van con la idea de sumar buena cantidad de puntos y seguir en lo m\u00e1s alto del campeonato en la clase N3, la diferencia a su favor es de 29 unidades con referencia a su m\u00e1s inmediato perseguidor.<\/p>\n","protected":false},"excerpt":{"rendered":"<p>Tras 22 a\u00f1os, el Rally Federal vuelve a recuperar una de sus plazas m\u00e1s importante, la ciudad cuya denominaci\u00f3n se la conoce como \u201cCuna de Campeones\u201d, Arrecifes. Tras gestiones realizadas por la actual dirigencia una de las ciudades m\u00e1s fierrera de la provincia de Buenos Aires se prepara para tener nuevamente en su tierra a [&hellip;]<\/p>\n","protected":false},"author":4,"featured_media":40042,"comment_status":"open","ping_status":"closed","sticky":false,"template":"","format":"standard","meta":{"om_disable_all_campaigns":false,"_jetpack_memberships_contains_paid_content":false,"footnotes":""},"categories":[5],"tags":[],"class_list":["post-40041","post","type-post","status-publish","format-standard","has-post-thumbnail","hentry","category-deportes"],"aioseo_notices":[],"gutentor_comment":0,"jetpack_featured_media_url":"https:\/\/eldiariodesanpedro.com.ar\/sitio\/wp-content\/uploads\/2018\/09\/La-m\u00e1quina-de-los-sampedrinos-protagonistas-del-Rally.jpg","jetpack_shortlink":"https:\/\/wp.me\/p6RhLt-apP","jetpack_sharing_enabled":true,"_links":{"self":[{"href":"https:\/\/eldiariodesanpedro.com.ar\/sitio\/wp-json\/wp\/v2\/posts\/40041","targetHints":{"allow":["GET"]}}],"collection":[{"href":"https:\/\/eldiariodesanpedro.com.ar\/sitio\/wp-json\/wp\/v2\/posts"}],"about":[{"href":"https:\/\/eldiariodesanpedro.com.ar\/sitio\/wp-json\/wp\/v2\/types\/post"}],"author":[{"embeddable":true,"href":"https:\/\/eldiariodesanpedro.com.ar\/sitio\/wp-json\/wp\/v2\/users\/4"}],"replies":[{"embeddable":true,"href":"https:\/\/eldiariodesanpedro.com.ar\/sitio\/wp-json\/wp\/v2\/comments?post=40041"}],"version-history":[{"count":1,"href":"https:\/\/eldiariodesanpedro.com.ar\/sitio\/wp-json\/wp\/v2\/posts\/40041\/revisions"}],"predecessor-version":[{"id":40044,"href":"https:\/\/eldiariodesanpedro.com.ar\/sitio\/wp-json\/wp\/v2\/posts\/40041\/revisions\/40044"}],"wp:featuredmedia":[{"embeddable":true,"href":"https:\/\/eldiariodesanpedro.com.ar\/sitio\/wp-json\/wp\/v2\/media\/40042"}],"wp:attachment":[{"href":"https:\/\/eldiariodesanpedro.com.ar\/sitio\/wp-json\/wp\/v2\/media?parent=40041"}],"wp:term":[{"taxonomy":"category","embeddable":true,"href":"https:\/\/eldiariodesanpedro.com.ar\/sitio\/wp-json\/wp\/v2\/categories?post=40041"},{"taxonomy":"post_tag","embeddable":true,"href":"https:\/\/eldiariodesanpedro.com.ar\/sitio\/wp-json\/wp\/v2\/tags?post=40041"}],"curies":[{"name":"wp","href":"https:\/\/api.w.org\/{rel}","templated":true}]}}