{"id":40035,"date":"2018-09-11T20:22:50","date_gmt":"2018-09-11T23:22:50","guid":{"rendered":"https:\/\/eldiariodesanpedro.com.ar\/sitio\/?p=40035"},"modified":"2026-01-24T00:10:57","modified_gmt":"2026-01-24T03:10:57","slug":"festejos-mitre-lo-hizo-con-una-cena-por-la-obtencion-del-torneo-apertura","status":"publish","type":"post","link":"https:\/\/eldiariodesanpedro.com.ar\/sitio\/festejos-mitre-lo-hizo-con-una-cena-por-la-obtencion-del-torneo-apertura\/","title":{"rendered":"FESTEJOS: Mitre lo hizo con una cena por la obtenci\u00f3n del Torneo Apertura"},"content":{"rendered":"<p><!-- VideographyWP Plugin Message: Automatic video embedding prevented by plugin options. --><br \/>\n  En la noche del s\u00e1bado, en Raphsodia, alrededor de 200 personas acompa\u00f1aron la \u201cCena de Campeones\u201d que la Comisi\u00f3n Directiva y Subcomisi\u00f3n de f\u00fatbol les brindaron a los jugadores y cuerpo t\u00e9cnico.<br \/>\n  Los jugadores y cuerpo t\u00e9cnico recibieron un presente artesanal en madera y luego de las fotos de rigor el \u201cdale campe\u00f3n\u201d se escuch\u00f3 bien fuerte.<br \/>\n  Habl\u00f3 el Presidente Germ\u00e1n Cod\u00f3, el responsable del f\u00fatbol del club Gerardo Esp\u00edndola y el t\u00e9cnico Agust\u00edn D\u00edaz.<br \/>\n  Todos resaltaron el gran grupo para lograr el objetivo y el trabajo mancomunado que se realiza entre todos para que no falte absolutamente nada.<br \/>\n  El agradecimiento a los comerciantes y amigos que colaboran con la publicidad en la indumentaria cuyo aporte es invalorable para el desarrollo normal de la actividad.<\/p>\n","protected":false},"excerpt":{"rendered":"<p>En la noche del s\u00e1bado, en Raphsodia, alrededor de 200 personas acompa\u00f1aron la \u201cCena de Campeones\u201d que la Comisi\u00f3n Directiva y Subcomisi\u00f3n de f\u00fatbol les brindaron a los jugadores y cuerpo t\u00e9cnico. Los jugadores y cuerpo t\u00e9cnico recibieron un presente artesanal en madera y luego de las fotos de rigor el \u201cdale campe\u00f3n\u201d se escuch\u00f3 [&hellip;]<\/p>\n","protected":false},"author":4,"featured_media":40037,"comment_status":"open","ping_status":"closed","sticky":false,"template":"","format":"standard","meta":{"om_disable_all_campaigns":false,"_jetpack_memberships_contains_paid_content":false,"footnotes":""},"categories":[5],"tags":[],"class_list":["post-40035","post","type-post","status-publish","format-standard","has-post-thumbnail","hentry","category-deportes"],"aioseo_notices":[],"gutentor_comment":0,"jetpack_featured_media_url":"https:\/\/eldiariodesanpedro.com.ar\/sitio\/wp-content\/uploads\/2018\/09\/Mitre-lo-hizo-con-una-cena-por-la-obtenci\u00f3n-del-Torneo-Apertura.jpg","jetpack_shortlink":"https:\/\/wp.me\/p6RhLt-apJ","jetpack_sharing_enabled":true,"_links":{"self":[{"href":"https:\/\/eldiariodesanpedro.com.ar\/sitio\/wp-json\/wp\/v2\/posts\/40035","targetHints":{"allow":["GET"]}}],"collection":[{"href":"https:\/\/eldiariodesanpedro.com.ar\/sitio\/wp-json\/wp\/v2\/posts"}],"about":[{"href":"https:\/\/eldiariodesanpedro.com.ar\/sitio\/wp-json\/wp\/v2\/types\/post"}],"author":[{"embeddable":true,"href":"https:\/\/eldiariodesanpedro.com.ar\/sitio\/wp-json\/wp\/v2\/users\/4"}],"replies":[{"embeddable":true,"href":"https:\/\/eldiariodesanpedro.com.ar\/sitio\/wp-json\/wp\/v2\/comments?post=40035"}],"version-history":[{"count":1,"href":"https:\/\/eldiariodesanpedro.com.ar\/sitio\/wp-json\/wp\/v2\/posts\/40035\/revisions"}],"predecessor-version":[{"id":40038,"href":"https:\/\/eldiariodesanpedro.com.ar\/sitio\/wp-json\/wp\/v2\/posts\/40035\/revisions\/40038"}],"wp:featuredmedia":[{"embeddable":true,"href":"https:\/\/eldiariodesanpedro.com.ar\/sitio\/wp-json\/wp\/v2\/media\/40037"}],"wp:attachment":[{"href":"https:\/\/eldiariodesanpedro.com.ar\/sitio\/wp-json\/wp\/v2\/media?parent=40035"}],"wp:term":[{"taxonomy":"category","embeddable":true,"href":"https:\/\/eldiariodesanpedro.com.ar\/sitio\/wp-json\/wp\/v2\/categories?post=40035"},{"taxonomy":"post_tag","embeddable":true,"href":"https:\/\/eldiariodesanpedro.com.ar\/sitio\/wp-json\/wp\/v2\/tags?post=40035"}],"curies":[{"name":"wp","href":"https:\/\/api.w.org\/{rel}","templated":true}]}}