{"id":40030,"date":"2018-09-11T20:19:24","date_gmt":"2018-09-11T23:19:24","guid":{"rendered":"https:\/\/eldiariodesanpedro.com.ar\/sitio\/?p=40030"},"modified":"2018-09-11T20:19:24","modified_gmt":"2018-09-11T23:19:24","slug":"campana-tremendo-vuelco-en-panamericana","status":"publish","type":"post","link":"https:\/\/eldiariodesanpedro.com.ar\/sitio\/campana-tremendo-vuelco-en-panamericana\/","title":{"rendered":"CAMPANA: Tremendo vuelco en Panamericana"},"content":{"rendered":"<p><!-- VideographyWP Plugin Message: Automatic video embedding prevented by plugin options. --><br \/>\nLa ma\u00f1ana del martes, alrededor de las 5.30 hs., volc\u00f3 un autom\u00f3vil en Panamericana, mano a Rosario, altura del barrio La Josefa de Campana.<\/p>\n<p>  El conductor fue trasladado al nosocomio local con lesiones varias. Se presentaron en el lugar Bomberos Voluntarios de Campana, personal del Comando de Patrulla, Polic\u00eda Vial y Personal de Polic\u00eda Cient\u00edfica.<br \/>\n  El tr\u00e1nsito disminuy\u00f3 a un solo carril, ya que el autom\u00f3vil qued\u00f3 cruzado ruedas para arriba, ocupando parte de los carriles lentos y media velocidad.<br \/>\n  El veh\u00edculo marca Peugeot, qued\u00f3 completamente destruido.<\/p>\n","protected":false},"excerpt":{"rendered":"<p>La ma\u00f1ana del martes, alrededor de las 5.30 hs., volc\u00f3 un autom\u00f3vil en Panamericana, mano a Rosario, altura del barrio La Josefa de Campana. El conductor fue trasladado al nosocomio local con lesiones varias. Se presentaron en el lugar Bomberos Voluntarios de Campana, personal del Comando de Patrulla, Polic\u00eda Vial y Personal de Polic\u00eda Cient\u00edfica. [&hellip;]<\/p>\n","protected":false},"author":4,"featured_media":40032,"comment_status":"open","ping_status":"closed","sticky":false,"template":"","format":"standard","meta":{"om_disable_all_campaigns":false,"_jetpack_memberships_contains_paid_content":false,"footnotes":""},"categories":[621],"tags":[],"class_list":["post-40030","post","type-post","status-publish","format-standard","has-post-thumbnail","hentry","category-regionales"],"aioseo_notices":[],"gutentor_comment":0,"jetpack_featured_media_url":"https:\/\/eldiariodesanpedro.com.ar\/sitio\/wp-content\/uploads\/2018\/09\/El-autom\u00f3vil-accidentado.jpg","jetpack_shortlink":"https:\/\/wp.me\/p6RhLt-apE","jetpack_sharing_enabled":true,"_links":{"self":[{"href":"https:\/\/eldiariodesanpedro.com.ar\/sitio\/wp-json\/wp\/v2\/posts\/40030","targetHints":{"allow":["GET"]}}],"collection":[{"href":"https:\/\/eldiariodesanpedro.com.ar\/sitio\/wp-json\/wp\/v2\/posts"}],"about":[{"href":"https:\/\/eldiariodesanpedro.com.ar\/sitio\/wp-json\/wp\/v2\/types\/post"}],"author":[{"embeddable":true,"href":"https:\/\/eldiariodesanpedro.com.ar\/sitio\/wp-json\/wp\/v2\/users\/4"}],"replies":[{"embeddable":true,"href":"https:\/\/eldiariodesanpedro.com.ar\/sitio\/wp-json\/wp\/v2\/comments?post=40030"}],"version-history":[{"count":1,"href":"https:\/\/eldiariodesanpedro.com.ar\/sitio\/wp-json\/wp\/v2\/posts\/40030\/revisions"}],"predecessor-version":[{"id":40033,"href":"https:\/\/eldiariodesanpedro.com.ar\/sitio\/wp-json\/wp\/v2\/posts\/40030\/revisions\/40033"}],"wp:featuredmedia":[{"embeddable":true,"href":"https:\/\/eldiariodesanpedro.com.ar\/sitio\/wp-json\/wp\/v2\/media\/40032"}],"wp:attachment":[{"href":"https:\/\/eldiariodesanpedro.com.ar\/sitio\/wp-json\/wp\/v2\/media?parent=40030"}],"wp:term":[{"taxonomy":"category","embeddable":true,"href":"https:\/\/eldiariodesanpedro.com.ar\/sitio\/wp-json\/wp\/v2\/categories?post=40030"},{"taxonomy":"post_tag","embeddable":true,"href":"https:\/\/eldiariodesanpedro.com.ar\/sitio\/wp-json\/wp\/v2\/tags?post=40030"}],"curies":[{"name":"wp","href":"https:\/\/api.w.org\/{rel}","templated":true}]}}