{"id":40027,"date":"2018-09-11T20:30:22","date_gmt":"2018-09-11T23:30:22","guid":{"rendered":"https:\/\/eldiariodesanpedro.com.ar\/sitio\/?p=40027"},"modified":"2018-09-11T20:30:22","modified_gmt":"2018-09-11T23:30:22","slug":"un-accidente-mas-en-la-jornada-de-este-martes","status":"publish","type":"post","link":"https:\/\/eldiariodesanpedro.com.ar\/sitio\/un-accidente-mas-en-la-jornada-de-este-martes\/","title":{"rendered":"Un accidente m\u00e1s en la jornada de este martes"},"content":{"rendered":"<p><!-- VideographyWP Plugin Message: Automatic video embedding prevented by plugin options. --><br \/>\nEn la tarde del martes pasadas las 18:30 hs se produjo un nuevo accidente de tr\u00e1nsito en esta jornada con una mujer herida.<\/p>\n<p>En horas de la tarde del martes se produjo el siniestro entre una motocicleta Gilera Smash 125 cc en la que circulaba una mujer de 37 a\u00f1os de edad quien colision\u00f3 a un autom\u00f3vil Renault Sandero Stepway color gris conducido por un hombre de 34 a\u00f1os de edad.<\/p>\n<p>En el impacto la mujer sufri\u00f3 un fuerte golpes en un el hombro derecho por lo que debi\u00f3 ser trasladada a la guardia del hospital Emilio Ruffa por la ambulancia del nosocomio por su parte el chofer del autom\u00f3vil result\u00f3 ileso.<\/p>\n<p><img decoding=\"async\" data-attachment-id=\"40046\" data-permalink=\"https:\/\/eldiariodesanpedro.com.ar\/sitio\/un-accidente-mas-en-la-jornada-de-este-martes\/whatsapp-image-2018-09-11-at-20-28-31\/\" data-orig-file=\"https:\/\/eldiariodesanpedro.com.ar\/sitio\/wp-content\/uploads\/2018\/09\/WhatsApp-Image-2018-09-11-at-20.28.31.jpeg\" data-orig-size=\"1280,622\" data-comments-opened=\"1\" data-image-meta=\"{&quot;aperture&quot;:&quot;0&quot;,&quot;credit&quot;:&quot;&quot;,&quot;camera&quot;:&quot;&quot;,&quot;caption&quot;:&quot;&quot;,&quot;created_timestamp&quot;:&quot;0&quot;,&quot;copyright&quot;:&quot;&quot;,&quot;focal_length&quot;:&quot;0&quot;,&quot;iso&quot;:&quot;0&quot;,&quot;shutter_speed&quot;:&quot;0&quot;,&quot;title&quot;:&quot;&quot;,&quot;orientation&quot;:&quot;0&quot;}\" data-image-title=\"WhatsApp Image 2018-09-11 at 20.28.31\" data-image-description=\"\" data-image-caption=\"\" data-large-file=\"https:\/\/eldiariodesanpedro.com.ar\/sitio\/wp-content\/uploads\/2018\/09\/WhatsApp-Image-2018-09-11-at-20.28.31-1024x498.jpeg\" data-src=\"https:\/\/eldiariodesanpedro.com.ar\/sitio\/wp-content\/uploads\/2018\/09\/WhatsApp-Image-2018-09-11-at-20.28.31-1024x498.jpeg\" alt=\"\" width=\"660\" height=\"321\" class=\"alignnone size-large wp-image-40046 lazyload\" data-srcset=\"https:\/\/eldiariodesanpedro.com.ar\/sitio\/wp-content\/uploads\/2018\/09\/WhatsApp-Image-2018-09-11-at-20.28.31-1024x498.jpeg 1024w, https:\/\/eldiariodesanpedro.com.ar\/sitio\/wp-content\/uploads\/2018\/09\/WhatsApp-Image-2018-09-11-at-20.28.31-300x146.jpeg 300w, https:\/\/eldiariodesanpedro.com.ar\/sitio\/wp-content\/uploads\/2018\/09\/WhatsApp-Image-2018-09-11-at-20.28.31-768x373.jpeg 768w, https:\/\/eldiariodesanpedro.com.ar\/sitio\/wp-content\/uploads\/2018\/09\/WhatsApp-Image-2018-09-11-at-20.28.31.jpeg 1280w\" data-sizes=\"(max-width: 660px) 100vw, 660px\" src=\"data:image\/svg+xml;base64,PHN2ZyB3aWR0aD0iMSIgaGVpZ2h0PSIxIiB4bWxucz0iaHR0cDovL3d3dy53My5vcmcvMjAwMC9zdmciPjwvc3ZnPg==\" style=\"--smush-placeholder-width: 660px; --smush-placeholder-aspect-ratio: 660\/321;\" \/><\/p>\n","protected":false},"excerpt":{"rendered":"<p>En la tarde del martes pasadas las 18:30 hs se produjo un nuevo accidente de tr\u00e1nsito en esta jornada con una mujer herida. En horas de la tarde del martes se produjo el siniestro entre una motocicleta Gilera Smash 125 cc en la que circulaba una mujer de 37 a\u00f1os de edad quien colision\u00f3 a [&hellip;]<\/p>\n","protected":false},"author":4,"featured_media":40047,"comment_status":"open","ping_status":"closed","sticky":false,"template":"","format":"standard","meta":{"om_disable_all_campaigns":false,"_jetpack_memberships_contains_paid_content":false,"footnotes":""},"categories":[2,103],"tags":[],"class_list":["post-40027","post","type-post","status-publish","format-standard","has-post-thumbnail","hentry","category-locales","category-policiales-locales"],"aioseo_notices":[],"gutentor_comment":0,"jetpack_featured_media_url":"https:\/\/eldiariodesanpedro.com.ar\/sitio\/wp-content\/uploads\/2018\/09\/PAGINA-5.jpeg","jetpack_shortlink":"https:\/\/wp.me\/p6RhLt-apB","jetpack_sharing_enabled":true,"_links":{"self":[{"href":"https:\/\/eldiariodesanpedro.com.ar\/sitio\/wp-json\/wp\/v2\/posts\/40027","targetHints":{"allow":["GET"]}}],"collection":[{"href":"https:\/\/eldiariodesanpedro.com.ar\/sitio\/wp-json\/wp\/v2\/posts"}],"about":[{"href":"https:\/\/eldiariodesanpedro.com.ar\/sitio\/wp-json\/wp\/v2\/types\/post"}],"author":[{"embeddable":true,"href":"https:\/\/eldiariodesanpedro.com.ar\/sitio\/wp-json\/wp\/v2\/users\/4"}],"replies":[{"embeddable":true,"href":"https:\/\/eldiariodesanpedro.com.ar\/sitio\/wp-json\/wp\/v2\/comments?post=40027"}],"version-history":[{"count":1,"href":"https:\/\/eldiariodesanpedro.com.ar\/sitio\/wp-json\/wp\/v2\/posts\/40027\/revisions"}],"predecessor-version":[{"id":40048,"href":"https:\/\/eldiariodesanpedro.com.ar\/sitio\/wp-json\/wp\/v2\/posts\/40027\/revisions\/40048"}],"wp:featuredmedia":[{"embeddable":true,"href":"https:\/\/eldiariodesanpedro.com.ar\/sitio\/wp-json\/wp\/v2\/media\/40047"}],"wp:attachment":[{"href":"https:\/\/eldiariodesanpedro.com.ar\/sitio\/wp-json\/wp\/v2\/media?parent=40027"}],"wp:term":[{"taxonomy":"category","embeddable":true,"href":"https:\/\/eldiariodesanpedro.com.ar\/sitio\/wp-json\/wp\/v2\/categories?post=40027"},{"taxonomy":"post_tag","embeddable":true,"href":"https:\/\/eldiariodesanpedro.com.ar\/sitio\/wp-json\/wp\/v2\/tags?post=40027"}],"curies":[{"name":"wp","href":"https:\/\/api.w.org\/{rel}","templated":true}]}}