{"id":40021,"date":"2018-09-11T20:18:23","date_gmt":"2018-09-11T23:18:23","guid":{"rendered":"https:\/\/eldiariodesanpedro.com.ar\/sitio\/?p=40021"},"modified":"2018-09-11T20:18:23","modified_gmt":"2018-09-11T23:18:23","slug":"baradero-localidad-elegida-para-implementar-un-nuevo-sistema-de-aprendizaje-en-el-pais","status":"publish","type":"post","link":"https:\/\/eldiariodesanpedro.com.ar\/sitio\/baradero-localidad-elegida-para-implementar-un-nuevo-sistema-de-aprendizaje-en-el-pais\/","title":{"rendered":"BARADERO: Localidad elegida para implementar un nuevo sistema de aprendizaje en el pa\u00eds"},"content":{"rendered":"<p><!-- VideographyWP Plugin Message: Automatic video embedding prevented by plugin options. --><br \/>\nSe trata de la denominada \u201cRed de Tutor\u00edas\u201d. La noticia se dio a conocer hace algunos d\u00edas en un art\u00edculo publicado por el diario La Naci\u00f3n.<\/p>\n<p>  Las Tutor\u00edas en Red ya se implementan en cinco escuelas.  A comienzo de a\u00f1o, se seleccionaron las escuelas Juana Berisso, la ESS 1 de Alsina, EES 9 de Portela-Santa Coloma, la EES 5 y la EES 10.<br \/>\n  Junto a funcionarios del Ministerio de Educaci\u00f3n y con el apoyo econ\u00f3mico de la Fundaci\u00f3n P\u00e9rez Companc, los equipos locales de directores e inspectores formado por: Ezequiel Pacini, Lorena Mart\u00ednez, Patricio Melchiori, Natalia Stello, Silvana Millas\u00f3n, Walter Mandel y N\u00e9stor Ar\u00e9valo, fueron una semana a M\u00e9xico a un curso intensivo de capacitaci\u00f3n.<br \/>\n  Al regreso a Baradero, ellos capacitaron a m\u00e1s de 80 docentes que aceptaron ser parte de este m\u00e9todo de ense\u00f1anza.<br \/>\n  Red de Tutor\u00edas es un sistema mexicano donde la relaci\u00f3n entre alumno y docente es horizontal y se da un di\u00e1logo socr\u00e1tico.<br \/>\n  El alumno se compromete con el aprendizaje de un tema de inter\u00e9s siendo tutorado y luego, lo presenta a sus pares ya en su nuevo rol de tutor creando as\u00ed y\/o comenzando de esta manera, la red. Esta herramienta de innovaci\u00f3n educativa ha demostrado que impacta, de manera asombrosamente pedag\u00f3gica, en la mejora de los procesos de ense\u00f1anza y de aprendizaje de los alumnos y de lo cual se hizo eco, el Diario La Naci\u00f3n el pr\u00f3ximo pasado jueves 30 de agosto.<\/p>\n<p>Fuente: Tu L\u00ednea Directa<\/p>\n","protected":false},"excerpt":{"rendered":"<p>Se trata de la denominada \u201cRed de Tutor\u00edas\u201d. La noticia se dio a conocer hace algunos d\u00edas en un art\u00edculo publicado por el diario La Naci\u00f3n. Las Tutor\u00edas en Red ya se implementan en cinco escuelas. A comienzo de a\u00f1o, se seleccionaron las escuelas Juana Berisso, la ESS 1 de Alsina, EES 9 de Portela-Santa [&hellip;]<\/p>\n","protected":false},"author":4,"featured_media":40028,"comment_status":"open","ping_status":"closed","sticky":false,"template":"","format":"standard","meta":{"om_disable_all_campaigns":false,"_jetpack_memberships_contains_paid_content":false,"footnotes":""},"categories":[621],"tags":[],"class_list":["post-40021","post","type-post","status-publish","format-standard","has-post-thumbnail","hentry","category-regionales"],"aioseo_notices":[],"gutentor_comment":0,"jetpack_featured_media_url":"https:\/\/eldiariodesanpedro.com.ar\/sitio\/wp-content\/uploads\/2018\/09\/red-de-tutorias.jpg","jetpack_shortlink":"https:\/\/wp.me\/p6RhLt-apv","jetpack_sharing_enabled":true,"_links":{"self":[{"href":"https:\/\/eldiariodesanpedro.com.ar\/sitio\/wp-json\/wp\/v2\/posts\/40021","targetHints":{"allow":["GET"]}}],"collection":[{"href":"https:\/\/eldiariodesanpedro.com.ar\/sitio\/wp-json\/wp\/v2\/posts"}],"about":[{"href":"https:\/\/eldiariodesanpedro.com.ar\/sitio\/wp-json\/wp\/v2\/types\/post"}],"author":[{"embeddable":true,"href":"https:\/\/eldiariodesanpedro.com.ar\/sitio\/wp-json\/wp\/v2\/users\/4"}],"replies":[{"embeddable":true,"href":"https:\/\/eldiariodesanpedro.com.ar\/sitio\/wp-json\/wp\/v2\/comments?post=40021"}],"version-history":[{"count":1,"href":"https:\/\/eldiariodesanpedro.com.ar\/sitio\/wp-json\/wp\/v2\/posts\/40021\/revisions"}],"predecessor-version":[{"id":40031,"href":"https:\/\/eldiariodesanpedro.com.ar\/sitio\/wp-json\/wp\/v2\/posts\/40021\/revisions\/40031"}],"wp:featuredmedia":[{"embeddable":true,"href":"https:\/\/eldiariodesanpedro.com.ar\/sitio\/wp-json\/wp\/v2\/media\/40028"}],"wp:attachment":[{"href":"https:\/\/eldiariodesanpedro.com.ar\/sitio\/wp-json\/wp\/v2\/media?parent=40021"}],"wp:term":[{"taxonomy":"category","embeddable":true,"href":"https:\/\/eldiariodesanpedro.com.ar\/sitio\/wp-json\/wp\/v2\/categories?post=40021"},{"taxonomy":"post_tag","embeddable":true,"href":"https:\/\/eldiariodesanpedro.com.ar\/sitio\/wp-json\/wp\/v2\/tags?post=40021"}],"curies":[{"name":"wp","href":"https:\/\/api.w.org\/{rel}","templated":true}]}}