{"id":40020,"date":"2018-09-11T20:18:10","date_gmt":"2018-09-11T23:18:10","guid":{"rendered":"https:\/\/eldiariodesanpedro.com.ar\/sitio\/?p=40020"},"modified":"2018-09-11T20:18:10","modified_gmt":"2018-09-11T23:18:10","slug":"ramallo-se-fusionaron-las-cooperativas-agricolas-de-ramallo-y-de-la-violeta","status":"publish","type":"post","link":"https:\/\/eldiariodesanpedro.com.ar\/sitio\/ramallo-se-fusionaron-las-cooperativas-agricolas-de-ramallo-y-de-la-violeta\/","title":{"rendered":"RAMALLO: Se fusionaron las cooperativas agr\u00edcolas de Ramallo y de La Violeta"},"content":{"rendered":"<p><!-- VideographyWP Plugin Message: Automatic video embedding prevented by plugin options. --><br \/>\nEn la Asamblea Extraordinaria de socios de la Cooperativa Agr\u00edcola de Ramallo se aprob\u00f3 la fusi\u00f3n de la entidad con la Cooperativa Agr\u00edcola de La Violeta. Ahora, por la votaci\u00f3n de sus socios, dejo de existir formalmente la instituci\u00f3n.<\/p>\n<p>  La Cooperativa Agr\u00edcola de Ramallo ven\u00eda presentando una serie de deudas y compromisos que no hab\u00eda podido asumir, lo que gener\u00f3 una crisis terminal en la entidad. Las Comisiones Directivas que se fueron sucediendo no estuvieron a la altura de las circunstancias, lo que desemboco en la desaparici\u00f3n de lo que, alguna vez, fuera la segunda cooperativa agr\u00edcola m\u00e1s importante del pa\u00eds.<br \/>\n  El voto de los m\u00e1s de 50 socios que se hicieron presentes en el sal\u00f3n de actos determin\u00f3 que la Cooperativa de Ramallo se fusione con la de La Violeta, por medio de la figura jur\u00eddica de \u201cfusi\u00f3n por absorci\u00f3n\u201d. De esta manera, todo el capital de la misma pasa a manos de la beneficiaria.<br \/>\n  Con este nuevo esquema, cerca de 70 puestos de trabajo peligran su continuidad. La comunidad lamenta esta seria situaci\u00f3n, donde durante a\u00f1os las sucesiones de Comisiones Directivas fueron en detrimento del potencial de la entidad, hasta determinar su desaparici\u00f3n definitiva.<\/p>\n<p>Fuente: Ramallo Informa<\/p>\n","protected":false},"excerpt":{"rendered":"<p>En la Asamblea Extraordinaria de socios de la Cooperativa Agr\u00edcola de Ramallo se aprob\u00f3 la fusi\u00f3n de la entidad con la Cooperativa Agr\u00edcola de La Violeta. Ahora, por la votaci\u00f3n de sus socios, dejo de existir formalmente la instituci\u00f3n. La Cooperativa Agr\u00edcola de Ramallo ven\u00eda presentando una serie de deudas y compromisos que no hab\u00eda [&hellip;]<\/p>\n","protected":false},"author":4,"featured_media":40025,"comment_status":"open","ping_status":"closed","sticky":false,"template":"","format":"standard","meta":{"om_disable_all_campaigns":false,"_jetpack_memberships_contains_paid_content":false,"footnotes":""},"categories":[621],"tags":[],"class_list":["post-40020","post","type-post","status-publish","format-standard","has-post-thumbnail","hentry","category-regionales"],"aioseo_notices":[],"gutentor_comment":0,"jetpack_featured_media_url":"https:\/\/eldiariodesanpedro.com.ar\/sitio\/wp-content\/uploads\/2018\/09\/Se-aprob\u00f3-la-fusi\u00f3n-de-la-Cooperativa-Agr\u00edcola-de-Ramallo.jpg","jetpack_shortlink":"https:\/\/wp.me\/p6RhLt-apu","jetpack_sharing_enabled":true,"_links":{"self":[{"href":"https:\/\/eldiariodesanpedro.com.ar\/sitio\/wp-json\/wp\/v2\/posts\/40020","targetHints":{"allow":["GET"]}}],"collection":[{"href":"https:\/\/eldiariodesanpedro.com.ar\/sitio\/wp-json\/wp\/v2\/posts"}],"about":[{"href":"https:\/\/eldiariodesanpedro.com.ar\/sitio\/wp-json\/wp\/v2\/types\/post"}],"author":[{"embeddable":true,"href":"https:\/\/eldiariodesanpedro.com.ar\/sitio\/wp-json\/wp\/v2\/users\/4"}],"replies":[{"embeddable":true,"href":"https:\/\/eldiariodesanpedro.com.ar\/sitio\/wp-json\/wp\/v2\/comments?post=40020"}],"version-history":[{"count":1,"href":"https:\/\/eldiariodesanpedro.com.ar\/sitio\/wp-json\/wp\/v2\/posts\/40020\/revisions"}],"predecessor-version":[{"id":40029,"href":"https:\/\/eldiariodesanpedro.com.ar\/sitio\/wp-json\/wp\/v2\/posts\/40020\/revisions\/40029"}],"wp:featuredmedia":[{"embeddable":true,"href":"https:\/\/eldiariodesanpedro.com.ar\/sitio\/wp-json\/wp\/v2\/media\/40025"}],"wp:attachment":[{"href":"https:\/\/eldiariodesanpedro.com.ar\/sitio\/wp-json\/wp\/v2\/media?parent=40020"}],"wp:term":[{"taxonomy":"category","embeddable":true,"href":"https:\/\/eldiariodesanpedro.com.ar\/sitio\/wp-json\/wp\/v2\/categories?post=40020"},{"taxonomy":"post_tag","embeddable":true,"href":"https:\/\/eldiariodesanpedro.com.ar\/sitio\/wp-json\/wp\/v2\/tags?post=40020"}],"curies":[{"name":"wp","href":"https:\/\/api.w.org\/{rel}","templated":true}]}}