{"id":40012,"date":"2018-09-11T20:08:13","date_gmt":"2018-09-11T23:08:13","guid":{"rendered":"https:\/\/eldiariodesanpedro.com.ar\/sitio\/?p=40012"},"modified":"2018-09-11T20:08:13","modified_gmt":"2018-09-11T23:08:13","slug":"san-nicolas-pagaran-por-unica-vez-10-000-a-los-trabajadores-municipales","status":"publish","type":"post","link":"https:\/\/eldiariodesanpedro.com.ar\/sitio\/san-nicolas-pagaran-por-unica-vez-10-000-a-los-trabajadores-municipales\/","title":{"rendered":"SAN NICOL\u00c1S: Pagar\u00e1n por \u00fanica vez $10.000 a los trabajadores municipales"},"content":{"rendered":"<p><!-- VideographyWP Plugin Message: Automatic video embedding prevented by plugin options. --><br \/>\nEl gobierno local acord\u00f3 ayer con el Sindicato de Trabajadores Municipales otorgar un aumento salarial adicional al 21% que se hab\u00eda acordado a comienzos de a\u00f1o. Se pagar\u00e1 una suma fija de 10 mil pesos a cada empleado municipal, por \u00fanica vez y en el mes de octubre.<\/p>\n<p>  El Sindicato de Trabajadores Municipales acord\u00f3 con el gobierno local un aumento de $10.000 para los empleados del sector, seg\u00fan se inform\u00f3 en el d\u00eda de ayer.<br \/>\n  Ayer a la tarde el intendente Manuel Passaglia mantuvo una reuni\u00f3n con representantes del gremio y les ofreci\u00f3 una suma fija de $10.000 pesos a pagar por \u00fanica vez en el mes de octubre para todos los trabajadores municipales (exceptuados los de planta pol\u00edtica, intendente y secretarios del gabinete), como un adicional a lo que se hab\u00eda arreglado en un aumento anual del 21%.<br \/>\n  Cabe consignar que estos $10.000 que se pagar\u00e1n representa m\u00e1s que un aguinaldo para muchos trabajadores municipales.<\/p>\n<p>Fuente: Diario El Norte<\/p>\n","protected":false},"excerpt":{"rendered":"<p>El gobierno local acord\u00f3 ayer con el Sindicato de Trabajadores Municipales otorgar un aumento salarial adicional al 21% que se hab\u00eda acordado a comienzos de a\u00f1o. Se pagar\u00e1 una suma fija de 10 mil pesos a cada empleado municipal, por \u00fanica vez y en el mes de octubre. El Sindicato de Trabajadores Municipales acord\u00f3 con [&hellip;]<\/p>\n","protected":false},"author":4,"featured_media":40014,"comment_status":"open","ping_status":"closed","sticky":false,"template":"","format":"standard","meta":{"om_disable_all_campaigns":false,"_jetpack_memberships_contains_paid_content":false,"footnotes":""},"categories":[621],"tags":[],"class_list":["post-40012","post","type-post","status-publish","format-standard","has-post-thumbnail","hentry","category-regionales"],"aioseo_notices":[],"gutentor_comment":0,"jetpack_featured_media_url":"https:\/\/eldiariodesanpedro.com.ar\/sitio\/wp-content\/uploads\/2018\/09\/san-nicolas-municipales.jpg","jetpack_shortlink":"https:\/\/wp.me\/p6RhLt-apm","jetpack_sharing_enabled":true,"_links":{"self":[{"href":"https:\/\/eldiariodesanpedro.com.ar\/sitio\/wp-json\/wp\/v2\/posts\/40012","targetHints":{"allow":["GET"]}}],"collection":[{"href":"https:\/\/eldiariodesanpedro.com.ar\/sitio\/wp-json\/wp\/v2\/posts"}],"about":[{"href":"https:\/\/eldiariodesanpedro.com.ar\/sitio\/wp-json\/wp\/v2\/types\/post"}],"author":[{"embeddable":true,"href":"https:\/\/eldiariodesanpedro.com.ar\/sitio\/wp-json\/wp\/v2\/users\/4"}],"replies":[{"embeddable":true,"href":"https:\/\/eldiariodesanpedro.com.ar\/sitio\/wp-json\/wp\/v2\/comments?post=40012"}],"version-history":[{"count":1,"href":"https:\/\/eldiariodesanpedro.com.ar\/sitio\/wp-json\/wp\/v2\/posts\/40012\/revisions"}],"predecessor-version":[{"id":40018,"href":"https:\/\/eldiariodesanpedro.com.ar\/sitio\/wp-json\/wp\/v2\/posts\/40012\/revisions\/40018"}],"wp:featuredmedia":[{"embeddable":true,"href":"https:\/\/eldiariodesanpedro.com.ar\/sitio\/wp-json\/wp\/v2\/media\/40014"}],"wp:attachment":[{"href":"https:\/\/eldiariodesanpedro.com.ar\/sitio\/wp-json\/wp\/v2\/media?parent=40012"}],"wp:term":[{"taxonomy":"category","embeddable":true,"href":"https:\/\/eldiariodesanpedro.com.ar\/sitio\/wp-json\/wp\/v2\/categories?post=40012"},{"taxonomy":"post_tag","embeddable":true,"href":"https:\/\/eldiariodesanpedro.com.ar\/sitio\/wp-json\/wp\/v2\/tags?post=40012"}],"curies":[{"name":"wp","href":"https:\/\/api.w.org\/{rel}","templated":true}]}}