{"id":40011,"date":"2018-09-11T20:08:10","date_gmt":"2018-09-11T23:08:10","guid":{"rendered":"https:\/\/eldiariodesanpedro.com.ar\/sitio\/?p=40011"},"modified":"2018-09-11T20:08:10","modified_gmt":"2018-09-11T23:08:10","slug":"pergamino-murio-una-nena-que-sufrio-graves-quemaduras-al-incendiarse-una-casilla","status":"publish","type":"post","link":"https:\/\/eldiariodesanpedro.com.ar\/sitio\/pergamino-murio-una-nena-que-sufrio-graves-quemaduras-al-incendiarse-una-casilla\/","title":{"rendered":"PERGAMINO: Muri\u00f3 una nena que sufri\u00f3 graves quemaduras al incendiarse una casilla"},"content":{"rendered":"<p><!-- VideographyWP Plugin Message: Automatic video embedding prevented by plugin options. --><br \/>\nAbby Ludmila Desire Chavez, de un a\u00f1o y once meses, falleci\u00f3 de un paro cardio respiratorio en la sala de cuidados intensivos pedi\u00e1trico del Hospital \u201cSan Jos\u00e9\u201d como consecuencia de las graves lesiones que le produjo el fuego generado en una estructura donde se encontraba en Juana de Azurduy y el Arroyo.<\/p>\n<p>  Una nena de muy corta edad muri\u00f3 en la sala de cuidados intensivos del Hospital \u201cSan Jos\u00e9\u201d como consecuencia del incendio producido en una peque\u00f1a casilla de perros donde se encontraba el domingo a la tarde en el barrio Tupac Amaru.<br \/>\n  El siniestro ocurri\u00f3 a las 18:00 hs. en el terreno de la vivienda familiar de la ni\u00f1a en inmediaciones de Juana de Azurduy y el Arroyo.<br \/>\n  La peque\u00f1a Abby Ludmila Desire Chavez se encontraba jugando con otro ni\u00f1o y, por causas que se deben establecer, ardi\u00f3 en llamas la peque\u00f1a construcci\u00f3n de madera donde yac\u00eda.<br \/>\n  La ni\u00f1a tiene un a\u00f1o y diez meses de edad y fue rescatada por un t\u00edo del interior de ese canil y luego llamaron al servicio de emergencias m\u00e9dicas.<br \/>\n  Una ambulancia la traslad\u00f3 al Hospital San Jos\u00e9, donde qued\u00f3 internada en Terapia Intensiva de Pediatr\u00eda con gran parte de su cuerpo quemado.<br \/>\n  En la sala de cuidados intensivos estaba asistida por respirador, su estado era reservado y por la complejidad del caso evaluaban la posibilidad de requerir su traslado a un centro especializado de la ciudad de Buenos Aires.<br \/>\n  Al lugar acudi\u00f3 un m\u00f3vil del Comando de Patrulla y los especialistas de Polic\u00eda Cient\u00edfica realizaron las pericias correspondientes.<br \/>\n  En la vivienda se quedaron preservando el lugar del siniestro hasta que en las primeras horas del d\u00eda pudieran concurrir los Polic\u00edas de la Unidad Bomberos de San Nicol\u00e1s para hacer el relevamiento siniestral que permita establecer c\u00f3mo se gener\u00f3 el fuego en la casilla.<br \/>\n  El Fiscal Pablo Santamarina y el instructor Andr\u00e9s Machiavello ordenaron distintas directivas para la instrucci\u00f3n judicial que establezca las causas del siniestro.<\/p>\n<p>Fuente: Semanario El Tiempo<\/p>\n","protected":false},"excerpt":{"rendered":"<p>Abby Ludmila Desire Chavez, de un a\u00f1o y once meses, falleci\u00f3 de un paro cardio respiratorio en la sala de cuidados intensivos pedi\u00e1trico del Hospital \u201cSan Jos\u00e9\u201d como consecuencia de las graves lesiones que le produjo el fuego generado en una estructura donde se encontraba en Juana de Azurduy y el Arroyo. Una nena de [&hellip;]<\/p>\n","protected":false},"author":4,"featured_media":40013,"comment_status":"open","ping_status":"closed","sticky":false,"template":"","format":"standard","meta":{"om_disable_all_campaigns":false,"_jetpack_memberships_contains_paid_content":false,"footnotes":""},"categories":[621],"tags":[],"class_list":["post-40011","post","type-post","status-publish","format-standard","has-post-thumbnail","hentry","category-regionales"],"aioseo_notices":[],"gutentor_comment":0,"jetpack_featured_media_url":"https:\/\/eldiariodesanpedro.com.ar\/sitio\/wp-content\/uploads\/2018\/09\/Murio-una-nena-que-sufrio-graves-quemaduras.jpg","jetpack_shortlink":"https:\/\/wp.me\/p6RhLt-apl","jetpack_sharing_enabled":true,"_links":{"self":[{"href":"https:\/\/eldiariodesanpedro.com.ar\/sitio\/wp-json\/wp\/v2\/posts\/40011","targetHints":{"allow":["GET"]}}],"collection":[{"href":"https:\/\/eldiariodesanpedro.com.ar\/sitio\/wp-json\/wp\/v2\/posts"}],"about":[{"href":"https:\/\/eldiariodesanpedro.com.ar\/sitio\/wp-json\/wp\/v2\/types\/post"}],"author":[{"embeddable":true,"href":"https:\/\/eldiariodesanpedro.com.ar\/sitio\/wp-json\/wp\/v2\/users\/4"}],"replies":[{"embeddable":true,"href":"https:\/\/eldiariodesanpedro.com.ar\/sitio\/wp-json\/wp\/v2\/comments?post=40011"}],"version-history":[{"count":1,"href":"https:\/\/eldiariodesanpedro.com.ar\/sitio\/wp-json\/wp\/v2\/posts\/40011\/revisions"}],"predecessor-version":[{"id":40017,"href":"https:\/\/eldiariodesanpedro.com.ar\/sitio\/wp-json\/wp\/v2\/posts\/40011\/revisions\/40017"}],"wp:featuredmedia":[{"embeddable":true,"href":"https:\/\/eldiariodesanpedro.com.ar\/sitio\/wp-json\/wp\/v2\/media\/40013"}],"wp:attachment":[{"href":"https:\/\/eldiariodesanpedro.com.ar\/sitio\/wp-json\/wp\/v2\/media?parent=40011"}],"wp:term":[{"taxonomy":"category","embeddable":true,"href":"https:\/\/eldiariodesanpedro.com.ar\/sitio\/wp-json\/wp\/v2\/categories?post=40011"},{"taxonomy":"post_tag","embeddable":true,"href":"https:\/\/eldiariodesanpedro.com.ar\/sitio\/wp-json\/wp\/v2\/tags?post=40011"}],"curies":[{"name":"wp","href":"https:\/\/api.w.org\/{rel}","templated":true}]}}