{"id":40009,"date":"2018-09-11T20:34:40","date_gmt":"2018-09-11T23:34:40","guid":{"rendered":"https:\/\/eldiariodesanpedro.com.ar\/sitio\/?p=40009"},"modified":"2018-09-11T20:34:40","modified_gmt":"2018-09-11T23:34:40","slug":"un-joven-fue-encontrado-sin-vida-se-trataria-de-causas-naturales","status":"publish","type":"post","link":"https:\/\/eldiariodesanpedro.com.ar\/sitio\/un-joven-fue-encontrado-sin-vida-se-trataria-de-causas-naturales\/","title":{"rendered":"Un joven fue encontrado sin vida, se tratar\u00eda de causas naturales"},"content":{"rendered":"<p><!-- VideographyWP Plugin Message: Automatic video embedding prevented by plugin options. --><br \/>\nEn la tarde de este martes alrededor de las 17 hs se produjo el deseso de un joven de 28 a\u00f1os quien hasta el momento se tratar\u00eda por causas naturales, un paro cardiorrespiratorio.<\/p>\n<p>El joven Ignacio Mart\u00ednez fue encontrado por familiares sin vida en su cama en el domicilio ubicado en calle Fray del Pozo al 2100.<\/p>\n<p>Seg\u00fan se pudo constatar hasta el momento el joven se encontraba durmiendo y sufri\u00f3 un paro cardiaco se le ralizara una autopsia para determinar mas precisamente las causales de muerte.<\/p>\n<p><img decoding=\"async\" data-attachment-id=\"40024\" data-permalink=\"https:\/\/eldiariodesanpedro.com.ar\/sitio\/un-joven-fue-encontrado-sin-vida-se-trataria-de-causas-naturales\/1506679_759636074113517_171901535371034945_n-2\/\" data-orig-file=\"https:\/\/eldiariodesanpedro.com.ar\/sitio\/wp-content\/uploads\/2018\/09\/1506679_759636074113517_171901535371034945_n-1.jpg\" data-orig-size=\"902,677\" data-comments-opened=\"1\" data-image-meta=\"{&quot;aperture&quot;:&quot;0&quot;,&quot;credit&quot;:&quot;Picasa&quot;,&quot;camera&quot;:&quot;&quot;,&quot;caption&quot;:&quot;&quot;,&quot;created_timestamp&quot;:&quot;1536707448&quot;,&quot;copyright&quot;:&quot;&quot;,&quot;focal_length&quot;:&quot;0&quot;,&quot;iso&quot;:&quot;0&quot;,&quot;shutter_speed&quot;:&quot;0&quot;,&quot;title&quot;:&quot;&quot;,&quot;orientation&quot;:&quot;0&quot;}\" data-image-title=\"1506679_759636074113517_171901535371034945_n\" data-image-description=\"\" data-image-caption=\"\" data-large-file=\"https:\/\/eldiariodesanpedro.com.ar\/sitio\/wp-content\/uploads\/2018\/09\/1506679_759636074113517_171901535371034945_n-1.jpg\" data-src=\"https:\/\/eldiariodesanpedro.com.ar\/sitio\/wp-content\/uploads\/2018\/09\/1506679_759636074113517_171901535371034945_n-1.jpg\" alt=\"\" width=\"902\" height=\"677\" class=\"alignnone size-full wp-image-40024 lazyload\" data-srcset=\"https:\/\/eldiariodesanpedro.com.ar\/sitio\/wp-content\/uploads\/2018\/09\/1506679_759636074113517_171901535371034945_n-1.jpg 902w, https:\/\/eldiariodesanpedro.com.ar\/sitio\/wp-content\/uploads\/2018\/09\/1506679_759636074113517_171901535371034945_n-1-300x225.jpg 300w, https:\/\/eldiariodesanpedro.com.ar\/sitio\/wp-content\/uploads\/2018\/09\/1506679_759636074113517_171901535371034945_n-1-768x576.jpg 768w\" data-sizes=\"(max-width: 902px) 100vw, 902px\" src=\"data:image\/svg+xml;base64,PHN2ZyB3aWR0aD0iMSIgaGVpZ2h0PSIxIiB4bWxucz0iaHR0cDovL3d3dy53My5vcmcvMjAwMC9zdmciPjwvc3ZnPg==\" style=\"--smush-placeholder-width: 902px; --smush-placeholder-aspect-ratio: 902\/677;\" \/><\/p>\n","protected":false},"excerpt":{"rendered":"<p>En la tarde de este martes alrededor de las 17 hs se produjo el deseso de un joven de 28 a\u00f1os quien hasta el momento se tratar\u00eda por causas naturales, un paro cardiorrespiratorio. El joven Ignacio Mart\u00ednez fue encontrado por familiares sin vida en su cama en el domicilio ubicado en calle Fray del Pozo [&hellip;]<\/p>\n","protected":false},"author":4,"featured_media":40023,"comment_status":"open","ping_status":"closed","sticky":false,"template":"","format":"standard","meta":{"om_disable_all_campaigns":false,"_jetpack_memberships_contains_paid_content":false,"footnotes":""},"categories":[2,103],"tags":[],"class_list":["post-40009","post","type-post","status-publish","format-standard","has-post-thumbnail","hentry","category-locales","category-policiales-locales"],"aioseo_notices":[],"gutentor_comment":0,"jetpack_featured_media_url":"https:\/\/eldiariodesanpedro.com.ar\/sitio\/wp-content\/uploads\/2018\/09\/WhatsApp-Image-2018-09-11-at-20.07.28.jpeg","jetpack_shortlink":"https:\/\/wp.me\/p6RhLt-apj","jetpack_sharing_enabled":true,"_links":{"self":[{"href":"https:\/\/eldiariodesanpedro.com.ar\/sitio\/wp-json\/wp\/v2\/posts\/40009","targetHints":{"allow":["GET"]}}],"collection":[{"href":"https:\/\/eldiariodesanpedro.com.ar\/sitio\/wp-json\/wp\/v2\/posts"}],"about":[{"href":"https:\/\/eldiariodesanpedro.com.ar\/sitio\/wp-json\/wp\/v2\/types\/post"}],"author":[{"embeddable":true,"href":"https:\/\/eldiariodesanpedro.com.ar\/sitio\/wp-json\/wp\/v2\/users\/4"}],"replies":[{"embeddable":true,"href":"https:\/\/eldiariodesanpedro.com.ar\/sitio\/wp-json\/wp\/v2\/comments?post=40009"}],"version-history":[{"count":2,"href":"https:\/\/eldiariodesanpedro.com.ar\/sitio\/wp-json\/wp\/v2\/posts\/40009\/revisions"}],"predecessor-version":[{"id":40049,"href":"https:\/\/eldiariodesanpedro.com.ar\/sitio\/wp-json\/wp\/v2\/posts\/40009\/revisions\/40049"}],"wp:featuredmedia":[{"embeddable":true,"href":"https:\/\/eldiariodesanpedro.com.ar\/sitio\/wp-json\/wp\/v2\/media\/40023"}],"wp:attachment":[{"href":"https:\/\/eldiariodesanpedro.com.ar\/sitio\/wp-json\/wp\/v2\/media?parent=40009"}],"wp:term":[{"taxonomy":"category","embeddable":true,"href":"https:\/\/eldiariodesanpedro.com.ar\/sitio\/wp-json\/wp\/v2\/categories?post=40009"},{"taxonomy":"post_tag","embeddable":true,"href":"https:\/\/eldiariodesanpedro.com.ar\/sitio\/wp-json\/wp\/v2\/tags?post=40009"}],"curies":[{"name":"wp","href":"https:\/\/api.w.org\/{rel}","templated":true}]}}