{"id":40007,"date":"2018-09-11T19:40:33","date_gmt":"2018-09-11T22:40:33","guid":{"rendered":"https:\/\/eldiariodesanpedro.com.ar\/sitio\/?p=40007"},"modified":"2018-09-11T19:40:33","modified_gmt":"2018-09-11T22:40:33","slug":"el-comisario-gallo-desmintio-acusaciones-de-un-medio-de-comunicacion-de-ramallo","status":"publish","type":"post","link":"https:\/\/eldiariodesanpedro.com.ar\/sitio\/el-comisario-gallo-desmintio-acusaciones-de-un-medio-de-comunicacion-de-ramallo\/","title":{"rendered":"El Comisario Gallo desminti\u00f3 acusaciones de un medio de comunicaci\u00f3n de Ramallo"},"content":{"rendered":"<p><!-- VideographyWP Plugin Message: Automatic video embedding prevented by plugin options. --><br \/>\nEste lunes a trav\u00e9s de un medio de comunicaci\u00f3n \u00abRamallo city\u00bb de la vecina localidad de Ramallo publico una informaci\u00f3n donde se lo acusaba al jefe distrital de San Pedro Fabian Gallo de haber realizado dos disparos hacia personas que se quisieron dar a la fuga al ser identificadas.<\/p>\n<p>Lo que escribi\u00f3 el medio de comunicaci\u00f3n fue lo siguiente: \u00abUn hecho tan raro como preocupante ocurri\u00f3 la madrugada del domingo (2:30 hs.) cundo una persona denunci\u00f3 que -a ella y su pareja- le hab\u00edan disparado con un arma de fuego. El incidente ocurri\u00f3 a la altura de la boca del arroyo, en la costa del r\u00edo Paran\u00e1. Por este delito fue aprendido, nada m\u00e1s y nada menos, el jefe de la Polic\u00eda Distrital de San Pedro, Comisario Fabi\u00e1n Gallo.<br \/>\nSeg\u00fan trascendi\u00f3, la versi\u00f3n oficial del Comisario fue que intent\u00f3 identificar a las dos personas en el r\u00edo y como se daban a la fuga sin acatar la vos de alto efectu\u00f3 disparos con su arma reglamentaria. En el lugar del hecho estuvo trabajando la Gendarmer\u00eda Nacional, perimetrado y custodiado la camioneta (con 2 impacto de balas) en la cual se movilizaba la pareja. Se ignora porque el comisario estaba en Ramallo, siendo que San Pedro es su jurisdicci\u00f3n. No obstante ello, estuvo demorado hasta las 14:00 hs del domingo, se le retuvo el arma reglamentaria y ahora contin\u00faa la investigaci\u00f3n. El Comisario Fabi\u00e1n Gallo en el mes de diciembre del 2017 fue reincorporado, despu\u00e9s de haber sido separado de la jefatura de la fuerza, por el t\u00e9rmino de 45 d\u00edas. Asuntos Internos intervino tras una denuncia efectuada por supuestas irregularidades detectadas en torno a la legalidad del destacamento de Pueblo Doyle, donde se lo hab\u00eda separado del cargo el 30 de octubre de 2017\u00bb.<\/p>\n<p>Teniendo en cuenta la difusi\u00f3n de la informaci\u00f3n el El Jefe Distrital de la Polic\u00eda de nuestra ciudad, comisario inspector Fabi\u00e1n Gallo, debi\u00f3 aclarar y negar una versi\u00f3n surgida , en donde se asegura que el efectivo le hab\u00eda disparado con un arma de fuego a una pareja en la costa del r\u00edo Paran\u00e1.<br \/>\nEn el momento que esta situaci\u00f3n se gestaba, Gallo se encontraba cumpliendo un servicio de seguridad en la zona de Z\u00e1rate donde se llevaba a cabo un operativo, cubriendo la vuelta de la hinchada de Sarmiento de Chaco que jugaron con Uni\u00f3n de Santa Fe en la cancha de Banfield.<br \/>\nGallo declaro  al medio de comunicaci\u00f3n CanalWeb: \u201cYo el s\u00e1bado estuve organizando un servicio de seguridad de la hinchada y a las 5 AM (del domingo) sal\u00ed para el puente Brazo Largo y si yo estaba demorado en Prefectura (en Ramallo) quien cubri\u00f3 el servicio\u201d, explic\u00f3 el Jefe Distrital. Quien agreg\u00f3: \u201cEst\u00e1 justificado por medio del libro de guardia y por intermedio de la Jefatura Departamental que estuve en Z\u00e1rate Brazo Largo\u201d.<\/p>\n<p>Seg\u00fan otro portal  Ramallo Informa tambi\u00e9n de la vecina localidad escribi\u00f3 que no ser\u00eda Fabi\u00e1n Gallo sino seria el comisario de la Polic\u00eda Rural de aquella ciudad quien fue detenido por la Prefectura Naval, luego de que disparara contra una pareja, en un confuso episodio en el Paseo Viva el R\u00edo.<\/p>\n<p>El Secretario de Seguridad Municipal, Mart\u00edn Maidana, dio detalles de lo ocurrido: \u201cSupuestamente estaba realizando una tarea investigativa, que lo llevo hasta la zona de la desembocadura del arroyo Las Hermanas, en el Paseo Viva el R\u00edo. En ese lugar se encontraba una pareja en una camioneta. El oficial llega de civil, en su auto particular, pide identificar a los ocupantes. Estos no le creen y comienzan a correr. El subcomisario comenz\u00f3 a disparar al aire. Ante este hecho la pareja llama a la polic\u00eda, que se hace presente en el lugar y detienen al Subcomisario\u201d, explico.<\/p>\n","protected":false},"excerpt":{"rendered":"<p>Este lunes a trav\u00e9s de un medio de comunicaci\u00f3n \u00abRamallo city\u00bb de la vecina localidad de Ramallo publico una informaci\u00f3n donde se lo acusaba al jefe distrital de San Pedro Fabian Gallo de haber realizado dos disparos hacia personas que se quisieron dar a la fuga al ser identificadas. Lo que escribi\u00f3 el medio de [&hellip;]<\/p>\n","protected":false},"author":4,"featured_media":26961,"comment_status":"open","ping_status":"closed","sticky":false,"template":"","format":"standard","meta":{"om_disable_all_campaigns":false,"_jetpack_memberships_contains_paid_content":false,"footnotes":""},"categories":[50,2,103],"tags":[],"class_list":["post-40007","post","type-post","status-publish","format-standard","has-post-thumbnail","hentry","category-destacadas","category-locales","category-policiales-locales"],"aioseo_notices":[],"gutentor_comment":0,"jetpack_featured_media_url":"https:\/\/eldiariodesanpedro.com.ar\/sitio\/wp-content\/uploads\/2017\/12\/Comisario-Inspector-Fabi\u00e1n-Gallo-.jpg","jetpack_shortlink":"https:\/\/wp.me\/p6RhLt-aph","jetpack_sharing_enabled":true,"_links":{"self":[{"href":"https:\/\/eldiariodesanpedro.com.ar\/sitio\/wp-json\/wp\/v2\/posts\/40007","targetHints":{"allow":["GET"]}}],"collection":[{"href":"https:\/\/eldiariodesanpedro.com.ar\/sitio\/wp-json\/wp\/v2\/posts"}],"about":[{"href":"https:\/\/eldiariodesanpedro.com.ar\/sitio\/wp-json\/wp\/v2\/types\/post"}],"author":[{"embeddable":true,"href":"https:\/\/eldiariodesanpedro.com.ar\/sitio\/wp-json\/wp\/v2\/users\/4"}],"replies":[{"embeddable":true,"href":"https:\/\/eldiariodesanpedro.com.ar\/sitio\/wp-json\/wp\/v2\/comments?post=40007"}],"version-history":[{"count":1,"href":"https:\/\/eldiariodesanpedro.com.ar\/sitio\/wp-json\/wp\/v2\/posts\/40007\/revisions"}],"predecessor-version":[{"id":40008,"href":"https:\/\/eldiariodesanpedro.com.ar\/sitio\/wp-json\/wp\/v2\/posts\/40007\/revisions\/40008"}],"wp:featuredmedia":[{"embeddable":true,"href":"https:\/\/eldiariodesanpedro.com.ar\/sitio\/wp-json\/wp\/v2\/media\/26961"}],"wp:attachment":[{"href":"https:\/\/eldiariodesanpedro.com.ar\/sitio\/wp-json\/wp\/v2\/media?parent=40007"}],"wp:term":[{"taxonomy":"category","embeddable":true,"href":"https:\/\/eldiariodesanpedro.com.ar\/sitio\/wp-json\/wp\/v2\/categories?post=40007"},{"taxonomy":"post_tag","embeddable":true,"href":"https:\/\/eldiariodesanpedro.com.ar\/sitio\/wp-json\/wp\/v2\/tags?post=40007"}],"curies":[{"name":"wp","href":"https:\/\/api.w.org\/{rel}","templated":true}]}}