{"id":39999,"date":"2018-09-11T18:07:41","date_gmt":"2018-09-11T21:07:41","guid":{"rendered":"https:\/\/eldiariodesanpedro.com.ar\/sitio\/?p=39999"},"modified":"2018-09-11T18:07:41","modified_gmt":"2018-09-11T21:07:41","slug":"el-municipio-recibira-una-impresora-3d-y-un-robot-para-capacitar-en-robotica-y-fabricacion-digital","status":"publish","type":"post","link":"https:\/\/eldiariodesanpedro.com.ar\/sitio\/el-municipio-recibira-una-impresora-3d-y-un-robot-para-capacitar-en-robotica-y-fabricacion-digital\/","title":{"rendered":"El municipio recibir\u00e1 una impresora 3D y un robot para capacitar en rob\u00f3tica y fabricaci\u00f3n digital"},"content":{"rendered":"<p><!-- VideographyWP Plugin Message: Automatic video embedding prevented by plugin options. --><br \/>\nEn el marco de las actividades organizadas por el Ministerio de Ciencia, Tecnolog\u00eda e Innovaci\u00f3n de la Provincia de Buenos Aires, desarrolladas en el Laboratorio de Mecatr\u00f3nica de la Escuela Superior T\u00e9cnica de la Facultad de Ingenier\u00eda del Ej\u00e9rcito, la Direcci\u00f3n de Modernizaci\u00f3n se hizo presente en el curso de formaci\u00f3n dirigido a los municipios seleccionados para formarse en el \u00e1rea de rob\u00f3tica y fabricaci\u00f3n digital.<br \/>\nLa finalidad del curso, que dur\u00f3 16hs, fue que los concurrentes adquieran los conocimientos y destrezas b\u00e1sicas en rob\u00f3tica basada en Arduino y fabricaci\u00f3n digital centrada en impresi\u00f3n 3D para que puedan iniciar la conformaci\u00f3n de talleres dedicados a estas tem\u00e1ticas.<\/p>\n<p>El proyecto aulas de rob\u00f3tica y fabricaci\u00f3n digital es un programa de aprendizaje colaborativo dise\u00f1ado para acercar a los diferentes municipios de PBA a la rob\u00f3tica y la fabricaci\u00f3n digital, fomentando de esta manera el pensamiento algor\u00edtmico. Tambi\u00e9n se busca generar un espacio que promueva la cultura del hacer en ni\u00f1os y adolescentes como herramienta para el aprendizaje, la exploraci\u00f3n y el desarrollo, colaborando as\u00ed en la formaci\u00f3n de una nueva generaci\u00f3n capaz de emplear tecnolog\u00eda en la b\u00fasqueda de soluciones creativas a problemas reales.<br \/>\nEl municipio recibir\u00e1 una impresora 3D y un robot, para desarrollar pr\u00f3ximamente las actividades que se realizar\u00e1n en el Punto Digital del CIC de nuestra ciudad, organizados por la Direcci\u00f3n de Modernizaci\u00f3n y coordinados por la Secretar\u00eda de Desarrollo Humano.<\/p>\n<p><img decoding=\"async\" data-attachment-id=\"40002\" data-permalink=\"https:\/\/eldiariodesanpedro.com.ar\/sitio\/el-municipio-recibira-una-impresora-3d-y-un-robot-para-capacitar-en-robotica-y-fabricacion-digital\/whatsapp-image-2018-09-06-at-17-00-42-2\/\" data-orig-file=\"https:\/\/eldiariodesanpedro.com.ar\/sitio\/wp-content\/uploads\/2018\/09\/WhatsApp-Image-2018-09-06-at-17.00.42-1.jpeg\" data-orig-size=\"1280,960\" data-comments-opened=\"1\" data-image-meta=\"{&quot;aperture&quot;:&quot;0&quot;,&quot;credit&quot;:&quot;&quot;,&quot;camera&quot;:&quot;&quot;,&quot;caption&quot;:&quot;&quot;,&quot;created_timestamp&quot;:&quot;0&quot;,&quot;copyright&quot;:&quot;&quot;,&quot;focal_length&quot;:&quot;0&quot;,&quot;iso&quot;:&quot;0&quot;,&quot;shutter_speed&quot;:&quot;0&quot;,&quot;title&quot;:&quot;&quot;,&quot;orientation&quot;:&quot;0&quot;}\" data-image-title=\"WhatsApp Image 2018-09-06 at 17.00.42\" data-image-description=\"\" data-image-caption=\"\" data-large-file=\"https:\/\/eldiariodesanpedro.com.ar\/sitio\/wp-content\/uploads\/2018\/09\/WhatsApp-Image-2018-09-06-at-17.00.42-1-1024x768.jpeg\" data-src=\"https:\/\/eldiariodesanpedro.com.ar\/sitio\/wp-content\/uploads\/2018\/09\/WhatsApp-Image-2018-09-06-at-17.00.42-1-1024x768.jpeg\" alt=\"\" width=\"660\" height=\"495\" class=\"alignnone size-large wp-image-40002 lazyload\" data-srcset=\"https:\/\/eldiariodesanpedro.com.ar\/sitio\/wp-content\/uploads\/2018\/09\/WhatsApp-Image-2018-09-06-at-17.00.42-1-1024x768.jpeg 1024w, https:\/\/eldiariodesanpedro.com.ar\/sitio\/wp-content\/uploads\/2018\/09\/WhatsApp-Image-2018-09-06-at-17.00.42-1-300x225.jpeg 300w, https:\/\/eldiariodesanpedro.com.ar\/sitio\/wp-content\/uploads\/2018\/09\/WhatsApp-Image-2018-09-06-at-17.00.42-1-768x576.jpeg 768w, https:\/\/eldiariodesanpedro.com.ar\/sitio\/wp-content\/uploads\/2018\/09\/WhatsApp-Image-2018-09-06-at-17.00.42-1.jpeg 1280w\" data-sizes=\"(max-width: 660px) 100vw, 660px\" src=\"data:image\/svg+xml;base64,PHN2ZyB3aWR0aD0iMSIgaGVpZ2h0PSIxIiB4bWxucz0iaHR0cDovL3d3dy53My5vcmcvMjAwMC9zdmciPjwvc3ZnPg==\" style=\"--smush-placeholder-width: 660px; --smush-placeholder-aspect-ratio: 660\/495;\" \/><\/p>\n","protected":false},"excerpt":{"rendered":"<p>En el marco de las actividades organizadas por el Ministerio de Ciencia, Tecnolog\u00eda e Innovaci\u00f3n de la Provincia de Buenos Aires, desarrolladas en el Laboratorio de Mecatr\u00f3nica de la Escuela Superior T\u00e9cnica de la Facultad de Ingenier\u00eda del Ej\u00e9rcito, la Direcci\u00f3n de Modernizaci\u00f3n se hizo presente en el curso de formaci\u00f3n dirigido a los municipios [&hellip;]<\/p>\n","protected":false},"author":4,"featured_media":40000,"comment_status":"open","ping_status":"closed","sticky":false,"template":"","format":"standard","meta":{"om_disable_all_campaigns":false,"_jetpack_memberships_contains_paid_content":false,"footnotes":""},"categories":[101,2],"tags":[],"class_list":["post-39999","post","type-post","status-publish","format-standard","has-post-thumbnail","hentry","category-interes-general-locales","category-locales"],"aioseo_notices":[],"gutentor_comment":0,"jetpack_featured_media_url":"https:\/\/eldiariodesanpedro.com.ar\/sitio\/wp-content\/uploads\/2018\/09\/WhatsApp-Image-2018-09-06-at-17.00.38.jpeg","jetpack_shortlink":"https:\/\/wp.me\/p6RhLt-ap9","jetpack_sharing_enabled":true,"_links":{"self":[{"href":"https:\/\/eldiariodesanpedro.com.ar\/sitio\/wp-json\/wp\/v2\/posts\/39999","targetHints":{"allow":["GET"]}}],"collection":[{"href":"https:\/\/eldiariodesanpedro.com.ar\/sitio\/wp-json\/wp\/v2\/posts"}],"about":[{"href":"https:\/\/eldiariodesanpedro.com.ar\/sitio\/wp-json\/wp\/v2\/types\/post"}],"author":[{"embeddable":true,"href":"https:\/\/eldiariodesanpedro.com.ar\/sitio\/wp-json\/wp\/v2\/users\/4"}],"replies":[{"embeddable":true,"href":"https:\/\/eldiariodesanpedro.com.ar\/sitio\/wp-json\/wp\/v2\/comments?post=39999"}],"version-history":[{"count":1,"href":"https:\/\/eldiariodesanpedro.com.ar\/sitio\/wp-json\/wp\/v2\/posts\/39999\/revisions"}],"predecessor-version":[{"id":40003,"href":"https:\/\/eldiariodesanpedro.com.ar\/sitio\/wp-json\/wp\/v2\/posts\/39999\/revisions\/40003"}],"wp:featuredmedia":[{"embeddable":true,"href":"https:\/\/eldiariodesanpedro.com.ar\/sitio\/wp-json\/wp\/v2\/media\/40000"}],"wp:attachment":[{"href":"https:\/\/eldiariodesanpedro.com.ar\/sitio\/wp-json\/wp\/v2\/media?parent=39999"}],"wp:term":[{"taxonomy":"category","embeddable":true,"href":"https:\/\/eldiariodesanpedro.com.ar\/sitio\/wp-json\/wp\/v2\/categories?post=39999"},{"taxonomy":"post_tag","embeddable":true,"href":"https:\/\/eldiariodesanpedro.com.ar\/sitio\/wp-json\/wp\/v2\/tags?post=39999"}],"curies":[{"name":"wp","href":"https:\/\/api.w.org\/{rel}","templated":true}]}}