{"id":39978,"date":"2018-09-11T17:47:37","date_gmt":"2018-09-11T20:47:37","guid":{"rendered":"https:\/\/eldiariodesanpedro.com.ar\/sitio\/?p=39978"},"modified":"2018-09-11T17:52:07","modified_gmt":"2018-09-11T20:52:07","slug":"dos-graves-accidentes-de-transitos-este-martes","status":"publish","type":"post","link":"https:\/\/eldiariodesanpedro.com.ar\/sitio\/dos-graves-accidentes-de-transitos-este-martes\/","title":{"rendered":"Dos graves accidentes de tr\u00e1nsitos este martes"},"content":{"rendered":"<p><!-- VideographyWP Plugin Message: Automatic video embedding prevented by plugin options. --><br \/>\nDurante la jornada del martes se produjeron dos accidente de tr\u00e1nsitos en los que se vieron involucrados una motocicleta y un veh\u00edculo, en ambos casos los dos conductores de los rodados de menor porte resultaron con fuerte lesiones.<\/p>\n<p>El primero de ellos ocurri\u00f3 en horas de la ma\u00f1ana pasadas las 11 hs en calle Joaqu\u00edn V. Gonzalez entre la Av. 3 de Febrero y H. Pueyrred\u00f3n donde un autom\u00f3vil Volkswagen Gol color gris que era conducido por una mujer de alrededor de 30 a\u00f1os que circulaba por la primera calle en direcci\u00f3n contramano hacia el r\u00edo colisiona contra una motocicleta Honda Invicta 150 cc color roja en la que iba un hombre mayor de edad que al doblar tras doblar en la avenida colisiona con el auto que le ven\u00eda de frente.<\/p>\n<p>El conductor de la motocicleta fue trasladado a la guardia del nosocomio local por el servicio del SAME r\u00e1pidamente constatando que presentaba una fractura en una de sus piernas.<\/p>\n<p>El segundo siniestro ocurri\u00f3 en la esquina de Arnaldo y Joaqu\u00edn V. Gonzalez pasadas las 16 hs donde una motocicleta Gilera Smash color azul que era conducida por un hombre de 29 a\u00f1os de edad quien se dirig\u00eda por Arnaldo a gran velocidad es impactada por una camioneta F100 blanca dirigida por un hombre de 54 a\u00f1os quien ven\u00eda por Joaqu\u00edn V. Gonzalez tambien a gran velocidad al encontrarse en la bocacalle ambos conductores no lograron frenar a tiempo siendo golpeado el conductor del rodado del menor porte golpeando su cabeza contra un fierro de metal que se encontraba sobre la vereda.<\/p>\n<p>El conductor de la motocicleta fue trasladado por el SAME con un fuerte traumatismo de cr\u00e1neo, y se creer\u00eda que podr\u00eda encontrarse alcoholizado ya que en la motocicleta se encontraron varias latas de cervezas.<\/p>\n<p>Primer Accidente<\/p>\n<p class=\"jetpack-slideshow-noscript robots-nocontent\">El pase de diapositivas requiere JavaScript.<\/p><div id=\"gallery-39978-1-slideshow\" class=\"jetpack-slideshow-window jetpack-slideshow jetpack-slideshow-black\" data-trans=\"fade\" data-autostart=\"1\" data-gallery=\"[{&quot;src&quot;:&quot;https:\\\/\\\/eldiariodesanpedro.com.ar\\\/sitio\\\/wp-content\\\/uploads\\\/2018\\\/09\\\/WhatsApp-Image-2018-09-11-at-17.22.539.jpeg&quot;,&quot;id&quot;:&quot;39992&quot;,&quot;title&quot;:&quot;WhatsApp Image 2018-09-11 at 17.22.53(9)&quot;,&quot;alt&quot;:&quot;&quot;,&quot;caption&quot;:&quot;&quot;,&quot;itemprop&quot;:&quot;image&quot;},{&quot;src&quot;:&quot;https:\\\/\\\/eldiariodesanpedro.com.ar\\\/sitio\\\/wp-content\\\/uploads\\\/2018\\\/09\\\/WhatsApp-Image-2018-09-11-at-17.22.538.jpeg&quot;,&quot;id&quot;:&quot;39991&quot;,&quot;title&quot;:&quot;WhatsApp Image 2018-09-11 at 17.22.53(8)&quot;,&quot;alt&quot;:&quot;&quot;,&quot;caption&quot;:&quot;&quot;,&quot;itemprop&quot;:&quot;image&quot;},{&quot;src&quot;:&quot;https:\\\/\\\/eldiariodesanpedro.com.ar\\\/sitio\\\/wp-content\\\/uploads\\\/2018\\\/09\\\/WhatsApp-Image-2018-09-11-at-17.22.537.jpeg&quot;,&quot;id&quot;:&quot;39990&quot;,&quot;title&quot;:&quot;WhatsApp Image 2018-09-11 at 17.22.53(7)&quot;,&quot;alt&quot;:&quot;&quot;,&quot;caption&quot;:&quot;&quot;,&quot;itemprop&quot;:&quot;image&quot;}]\" itemscope itemtype=\"https:\/\/schema.org\/ImageGallery\"><\/div>\n<p>Segundo Accidente<\/p>\n<p class=\"jetpack-slideshow-noscript robots-nocontent\">El pase de diapositivas requiere JavaScript.<\/p><div id=\"gallery-39978-2-slideshow\" class=\"jetpack-slideshow-window jetpack-slideshow jetpack-slideshow-black\" data-trans=\"fade\" data-autostart=\"1\" data-gallery=\"[{&quot;src&quot;:&quot;https:\\\/\\\/eldiariodesanpedro.com.ar\\\/sitio\\\/wp-content\\\/uploads\\\/2018\\\/09\\\/WhatsApp-Image-2018-09-11-at-17.22.53.jpeg&quot;,&quot;id&quot;:&quot;39993&quot;,&quot;title&quot;:&quot;WhatsApp Image 2018-09-11 at 17.22.53&quot;,&quot;alt&quot;:&quot;&quot;,&quot;caption&quot;:&quot;&quot;,&quot;itemprop&quot;:&quot;image&quot;},{&quot;src&quot;:&quot;https:\\\/\\\/eldiariodesanpedro.com.ar\\\/sitio\\\/wp-content\\\/uploads\\\/2018\\\/09\\\/WhatsApp-Image-2018-09-11-at-17.22.536.jpeg&quot;,&quot;id&quot;:&quot;39989&quot;,&quot;title&quot;:&quot;WhatsApp Image 2018-09-11 at 17.22.53(6)&quot;,&quot;alt&quot;:&quot;&quot;,&quot;caption&quot;:&quot;&quot;,&quot;itemprop&quot;:&quot;image&quot;},{&quot;src&quot;:&quot;https:\\\/\\\/eldiariodesanpedro.com.ar\\\/sitio\\\/wp-content\\\/uploads\\\/2018\\\/09\\\/WhatsApp-Image-2018-09-11-at-17.22.535.jpeg&quot;,&quot;id&quot;:&quot;39988&quot;,&quot;title&quot;:&quot;WhatsApp Image 2018-09-11 at 17.22.53(5)&quot;,&quot;alt&quot;:&quot;&quot;,&quot;caption&quot;:&quot;&quot;,&quot;itemprop&quot;:&quot;image&quot;},{&quot;src&quot;:&quot;https:\\\/\\\/eldiariodesanpedro.com.ar\\\/sitio\\\/wp-content\\\/uploads\\\/2018\\\/09\\\/WhatsApp-Image-2018-09-11-at-17.22.534.jpeg&quot;,&quot;id&quot;:&quot;39987&quot;,&quot;title&quot;:&quot;WhatsApp Image 2018-09-11 at 17.22.53(4)&quot;,&quot;alt&quot;:&quot;&quot;,&quot;caption&quot;:&quot;&quot;,&quot;itemprop&quot;:&quot;image&quot;},{&quot;src&quot;:&quot;https:\\\/\\\/eldiariodesanpedro.com.ar\\\/sitio\\\/wp-content\\\/uploads\\\/2018\\\/09\\\/WhatsApp-Image-2018-09-11-at-17.22.533.jpeg&quot;,&quot;id&quot;:&quot;39986&quot;,&quot;title&quot;:&quot;WhatsApp Image 2018-09-11 at 17.22.53(3)&quot;,&quot;alt&quot;:&quot;&quot;,&quot;caption&quot;:&quot;&quot;,&quot;itemprop&quot;:&quot;image&quot;},{&quot;src&quot;:&quot;https:\\\/\\\/eldiariodesanpedro.com.ar\\\/sitio\\\/wp-content\\\/uploads\\\/2018\\\/09\\\/WhatsApp-Image-2018-09-11-at-17.22.531.jpeg&quot;,&quot;id&quot;:&quot;39984&quot;,&quot;title&quot;:&quot;WhatsApp Image 2018-09-11 at 17.22.53(1)&quot;,&quot;alt&quot;:&quot;&quot;,&quot;caption&quot;:&quot;&quot;,&quot;itemprop&quot;:&quot;image&quot;},{&quot;src&quot;:&quot;https:\\\/\\\/eldiariodesanpedro.com.ar\\\/sitio\\\/wp-content\\\/uploads\\\/2018\\\/09\\\/WhatsApp-Image-2018-09-11-at-17.22.532-1.jpeg&quot;,&quot;id&quot;:&quot;39985&quot;,&quot;title&quot;:&quot;WhatsApp Image 2018-09-11 at 17.22.53(2)&quot;,&quot;alt&quot;:&quot;&quot;,&quot;caption&quot;:&quot;&quot;,&quot;itemprop&quot;:&quot;image&quot;},{&quot;src&quot;:&quot;https:\\\/\\\/eldiariodesanpedro.com.ar\\\/sitio\\\/wp-content\\\/uploads\\\/2018\\\/09\\\/WhatsApp-Image-2018-09-11-at-17.22.52.jpeg&quot;,&quot;id&quot;:&quot;39983&quot;,&quot;title&quot;:&quot;WhatsApp Image 2018-09-11 at 17.22.52&quot;,&quot;alt&quot;:&quot;&quot;,&quot;caption&quot;:&quot;&quot;,&quot;itemprop&quot;:&quot;image&quot;},{&quot;src&quot;:&quot;https:\\\/\\\/eldiariodesanpedro.com.ar\\\/sitio\\\/wp-content\\\/uploads\\\/2018\\\/09\\\/WhatsApp-Image-2018-09-11-at-17.22.523.jpeg&quot;,&quot;id&quot;:&quot;39982&quot;,&quot;title&quot;:&quot;WhatsApp Image 2018-09-11 at 17.22.52(3)&quot;,&quot;alt&quot;:&quot;&quot;,&quot;caption&quot;:&quot;&quot;,&quot;itemprop&quot;:&quot;image&quot;},{&quot;src&quot;:&quot;https:\\\/\\\/eldiariodesanpedro.com.ar\\\/sitio\\\/wp-content\\\/uploads\\\/2018\\\/09\\\/WhatsApp-Image-2018-09-11-at-17.22.522.jpeg&quot;,&quot;id&quot;:&quot;39981&quot;,&quot;title&quot;:&quot;WhatsApp Image 2018-09-11 at 17.22.52(2)&quot;,&quot;alt&quot;:&quot;&quot;,&quot;caption&quot;:&quot;&quot;,&quot;itemprop&quot;:&quot;image&quot;},{&quot;src&quot;:&quot;https:\\\/\\\/eldiariodesanpedro.com.ar\\\/sitio\\\/wp-content\\\/uploads\\\/2018\\\/09\\\/WhatsApp-Image-2018-09-11-at-17.22.521.jpeg&quot;,&quot;id&quot;:&quot;39980&quot;,&quot;title&quot;:&quot;WhatsApp Image 2018-09-11 at 17.22.52(1)&quot;,&quot;alt&quot;:&quot;&quot;,&quot;caption&quot;:&quot;&quot;,&quot;itemprop&quot;:&quot;image&quot;},{&quot;src&quot;:&quot;https:\\\/\\\/eldiariodesanpedro.com.ar\\\/sitio\\\/wp-content\\\/uploads\\\/2018\\\/09\\\/WhatsApp-Image-2018-09-11-at-17.22.532.jpeg&quot;,&quot;id&quot;:&quot;39979&quot;,&quot;title&quot;:&quot;WhatsApp Image 2018-09-11 at 17.22.53(2)&quot;,&quot;alt&quot;:&quot;&quot;,&quot;caption&quot;:&quot;&quot;,&quot;itemprop&quot;:&quot;image&quot;}]\" itemscope itemtype=\"https:\/\/schema.org\/ImageGallery\"><\/div>\n","protected":false},"excerpt":{"rendered":"<p>Durante la jornada del martes se produjeron dos accidente de tr\u00e1nsitos en los que se vieron involucrados una motocicleta y un veh\u00edculo, en ambos casos los dos conductores de los rodados de menor porte resultaron con fuerte lesiones. El primero de ellos ocurri\u00f3 en horas de la ma\u00f1ana pasadas las 11 hs en calle Joaqu\u00edn [&hellip;]<\/p>\n","protected":false},"author":4,"featured_media":39979,"comment_status":"open","ping_status":"closed","sticky":false,"template":"","format":"standard","meta":{"om_disable_all_campaigns":false,"_jetpack_memberships_contains_paid_content":false,"footnotes":""},"categories":[50,2,103],"tags":[],"class_list":["post-39978","post","type-post","status-publish","format-standard","has-post-thumbnail","hentry","category-destacadas","category-locales","category-policiales-locales"],"aioseo_notices":[],"gutentor_comment":0,"jetpack_featured_media_url":"https:\/\/eldiariodesanpedro.com.ar\/sitio\/wp-content\/uploads\/2018\/09\/WhatsApp-Image-2018-09-11-at-17.22.532.jpeg","jetpack_shortlink":"https:\/\/wp.me\/p6RhLt-aoO","jetpack_sharing_enabled":true,"_links":{"self":[{"href":"https:\/\/eldiariodesanpedro.com.ar\/sitio\/wp-json\/wp\/v2\/posts\/39978","targetHints":{"allow":["GET"]}}],"collection":[{"href":"https:\/\/eldiariodesanpedro.com.ar\/sitio\/wp-json\/wp\/v2\/posts"}],"about":[{"href":"https:\/\/eldiariodesanpedro.com.ar\/sitio\/wp-json\/wp\/v2\/types\/post"}],"author":[{"embeddable":true,"href":"https:\/\/eldiariodesanpedro.com.ar\/sitio\/wp-json\/wp\/v2\/users\/4"}],"replies":[{"embeddable":true,"href":"https:\/\/eldiariodesanpedro.com.ar\/sitio\/wp-json\/wp\/v2\/comments?post=39978"}],"version-history":[{"count":4,"href":"https:\/\/eldiariodesanpedro.com.ar\/sitio\/wp-json\/wp\/v2\/posts\/39978\/revisions"}],"predecessor-version":[{"id":39997,"href":"https:\/\/eldiariodesanpedro.com.ar\/sitio\/wp-json\/wp\/v2\/posts\/39978\/revisions\/39997"}],"wp:featuredmedia":[{"embeddable":true,"href":"https:\/\/eldiariodesanpedro.com.ar\/sitio\/wp-json\/wp\/v2\/media\/39979"}],"wp:attachment":[{"href":"https:\/\/eldiariodesanpedro.com.ar\/sitio\/wp-json\/wp\/v2\/media?parent=39978"}],"wp:term":[{"taxonomy":"category","embeddable":true,"href":"https:\/\/eldiariodesanpedro.com.ar\/sitio\/wp-json\/wp\/v2\/categories?post=39978"},{"taxonomy":"post_tag","embeddable":true,"href":"https:\/\/eldiariodesanpedro.com.ar\/sitio\/wp-json\/wp\/v2\/tags?post=39978"}],"curies":[{"name":"wp","href":"https:\/\/api.w.org\/{rel}","templated":true}]}}