{"id":39976,"date":"2018-09-11T17:20:49","date_gmt":"2018-09-11T20:20:49","guid":{"rendered":"https:\/\/eldiariodesanpedro.com.ar\/sitio\/?p=39976"},"modified":"2018-09-11T17:20:49","modified_gmt":"2018-09-11T20:20:49","slug":"un-hombre-herido-con-un-arma-blanca","status":"publish","type":"post","link":"https:\/\/eldiariodesanpedro.com.ar\/sitio\/un-hombre-herido-con-un-arma-blanca\/","title":{"rendered":"Un hombre herido con un arma blanca"},"content":{"rendered":"<p><!-- VideographyWP Plugin Message: Automatic video embedding prevented by plugin options. --><br \/>\nEste martes en horas de la tarde noche la polic\u00eda de nuestra ciudad tom\u00f3 conocimiento a trav\u00e9s del servicio 911 sobre el ingreso a la guardia del hospital Emilio Ruffa de un ciudadano con herida de arma blanca en abdomen.<\/p>\n<p>Una vez presente los uniformados identifica a la victima como masculino de 53 a\u00f1os, quien refiere haber sido agredido minutos antes en calle Lucio Mansilla Y Miguel Porta por otro masculino mayor de edad al que reconoce, por cuestiones de vieja data. Las lesiones resultaron de car\u00e1cter leves.<\/p>\n","protected":false},"excerpt":{"rendered":"<p>Este martes en horas de la tarde noche la polic\u00eda de nuestra ciudad tom\u00f3 conocimiento a trav\u00e9s del servicio 911 sobre el ingreso a la guardia del hospital Emilio Ruffa de un ciudadano con herida de arma blanca en abdomen. Una vez presente los uniformados identifica a la victima como masculino de 53 a\u00f1os, quien [&hellip;]<\/p>\n","protected":false},"author":4,"featured_media":25808,"comment_status":"open","ping_status":"closed","sticky":false,"template":"","format":"standard","meta":{"om_disable_all_campaigns":false,"_jetpack_memberships_contains_paid_content":false,"footnotes":""},"categories":[2,103],"tags":[],"class_list":["post-39976","post","type-post","status-publish","format-standard","has-post-thumbnail","hentry","category-locales","category-policiales-locales"],"aioseo_notices":[],"gutentor_comment":0,"jetpack_featured_media_url":"https:\/\/eldiariodesanpedro.com.ar\/sitio\/wp-content\/uploads\/2017\/11\/Los-accidentados-fueron-derivados-a-la-Guardia.jpg","jetpack_shortlink":"https:\/\/wp.me\/p6RhLt-aoM","jetpack_sharing_enabled":true,"_links":{"self":[{"href":"https:\/\/eldiariodesanpedro.com.ar\/sitio\/wp-json\/wp\/v2\/posts\/39976","targetHints":{"allow":["GET"]}}],"collection":[{"href":"https:\/\/eldiariodesanpedro.com.ar\/sitio\/wp-json\/wp\/v2\/posts"}],"about":[{"href":"https:\/\/eldiariodesanpedro.com.ar\/sitio\/wp-json\/wp\/v2\/types\/post"}],"author":[{"embeddable":true,"href":"https:\/\/eldiariodesanpedro.com.ar\/sitio\/wp-json\/wp\/v2\/users\/4"}],"replies":[{"embeddable":true,"href":"https:\/\/eldiariodesanpedro.com.ar\/sitio\/wp-json\/wp\/v2\/comments?post=39976"}],"version-history":[{"count":1,"href":"https:\/\/eldiariodesanpedro.com.ar\/sitio\/wp-json\/wp\/v2\/posts\/39976\/revisions"}],"predecessor-version":[{"id":39977,"href":"https:\/\/eldiariodesanpedro.com.ar\/sitio\/wp-json\/wp\/v2\/posts\/39976\/revisions\/39977"}],"wp:featuredmedia":[{"embeddable":true,"href":"https:\/\/eldiariodesanpedro.com.ar\/sitio\/wp-json\/wp\/v2\/media\/25808"}],"wp:attachment":[{"href":"https:\/\/eldiariodesanpedro.com.ar\/sitio\/wp-json\/wp\/v2\/media?parent=39976"}],"wp:term":[{"taxonomy":"category","embeddable":true,"href":"https:\/\/eldiariodesanpedro.com.ar\/sitio\/wp-json\/wp\/v2\/categories?post=39976"},{"taxonomy":"post_tag","embeddable":true,"href":"https:\/\/eldiariodesanpedro.com.ar\/sitio\/wp-json\/wp\/v2\/tags?post=39976"}],"curies":[{"name":"wp","href":"https:\/\/api.w.org\/{rel}","templated":true}]}}