{"id":39974,"date":"2018-09-11T11:01:30","date_gmt":"2018-09-11T14:01:30","guid":{"rendered":"https:\/\/eldiariodesanpedro.com.ar\/sitio\/?p=39974"},"modified":"2018-09-11T11:01:30","modified_gmt":"2018-09-11T14:01:30","slug":"una-motocicleta-tipo-cross-embistio-a-un-automovil","status":"publish","type":"post","link":"https:\/\/eldiariodesanpedro.com.ar\/sitio\/una-motocicleta-tipo-cross-embistio-a-un-automovil\/","title":{"rendered":"Una motocicleta tipo cross embisti\u00f3 a un autom\u00f3vil"},"content":{"rendered":"<p><!-- VideographyWP Plugin Message: Automatic video embedding prevented by plugin options. --><br \/>\nEn las primeras horas de este martes promediando las 00:30 hs, en la intersecci\u00f3n de las calles 25 de Mayo y Alvear, por razones que se tratan de establecer autom\u00f3vil marca Fiat Siena, conducido por masculino de 23 a\u00f1os, colision\u00f3 con motocicleta tipo cross 150 cc conducida por ciudadano de 42 a\u00f1os quien era acompa\u00f1ado por una mujer de 28 a\u00f1os. <\/p>\n<p>Tras el impacto ambos ocupantes de motocicleta fueron trasladados por ambulancia local del SAME hasta el hospital, habiendo presentado politraumatismos de car\u00e1cter leves. Mientras el conductor del autom\u00f3vil resulto ileso.<\/p>\n","protected":false},"excerpt":{"rendered":"<p>En las primeras horas de este martes promediando las 00:30 hs, en la intersecci\u00f3n de las calles 25 de Mayo y Alvear, por razones que se tratan de establecer autom\u00f3vil marca Fiat Siena, conducido por masculino de 23 a\u00f1os, colision\u00f3 con motocicleta tipo cross 150 cc conducida por ciudadano de 42 a\u00f1os quien era acompa\u00f1ado [&hellip;]<\/p>\n","protected":false},"author":4,"featured_media":27202,"comment_status":"open","ping_status":"closed","sticky":false,"template":"","format":"standard","meta":{"om_disable_all_campaigns":false,"_jetpack_memberships_contains_paid_content":false,"footnotes":""},"categories":[2,103],"tags":[],"class_list":["post-39974","post","type-post","status-publish","format-standard","has-post-thumbnail","hentry","category-locales","category-policiales-locales"],"aioseo_notices":[],"gutentor_comment":0,"jetpack_featured_media_url":"https:\/\/eldiariodesanpedro.com.ar\/sitio\/wp-content\/uploads\/2017\/12\/ambulancia-same-provincia.jpg","jetpack_shortlink":"https:\/\/wp.me\/p6RhLt-aoK","jetpack_sharing_enabled":true,"_links":{"self":[{"href":"https:\/\/eldiariodesanpedro.com.ar\/sitio\/wp-json\/wp\/v2\/posts\/39974","targetHints":{"allow":["GET"]}}],"collection":[{"href":"https:\/\/eldiariodesanpedro.com.ar\/sitio\/wp-json\/wp\/v2\/posts"}],"about":[{"href":"https:\/\/eldiariodesanpedro.com.ar\/sitio\/wp-json\/wp\/v2\/types\/post"}],"author":[{"embeddable":true,"href":"https:\/\/eldiariodesanpedro.com.ar\/sitio\/wp-json\/wp\/v2\/users\/4"}],"replies":[{"embeddable":true,"href":"https:\/\/eldiariodesanpedro.com.ar\/sitio\/wp-json\/wp\/v2\/comments?post=39974"}],"version-history":[{"count":1,"href":"https:\/\/eldiariodesanpedro.com.ar\/sitio\/wp-json\/wp\/v2\/posts\/39974\/revisions"}],"predecessor-version":[{"id":39975,"href":"https:\/\/eldiariodesanpedro.com.ar\/sitio\/wp-json\/wp\/v2\/posts\/39974\/revisions\/39975"}],"wp:featuredmedia":[{"embeddable":true,"href":"https:\/\/eldiariodesanpedro.com.ar\/sitio\/wp-json\/wp\/v2\/media\/27202"}],"wp:attachment":[{"href":"https:\/\/eldiariodesanpedro.com.ar\/sitio\/wp-json\/wp\/v2\/media?parent=39974"}],"wp:term":[{"taxonomy":"category","embeddable":true,"href":"https:\/\/eldiariodesanpedro.com.ar\/sitio\/wp-json\/wp\/v2\/categories?post=39974"},{"taxonomy":"post_tag","embeddable":true,"href":"https:\/\/eldiariodesanpedro.com.ar\/sitio\/wp-json\/wp\/v2\/tags?post=39974"}],"curies":[{"name":"wp","href":"https:\/\/api.w.org\/{rel}","templated":true}]}}