{"id":39972,"date":"2018-09-11T10:56:39","date_gmt":"2018-09-11T13:56:39","guid":{"rendered":"https:\/\/eldiariodesanpedro.com.ar\/sitio\/?p=39972"},"modified":"2018-09-11T10:56:39","modified_gmt":"2018-09-11T13:56:39","slug":"un-aprehendido-por-pedido-de-paradero-activo-2","status":"publish","type":"post","link":"https:\/\/eldiariodesanpedro.com.ar\/sitio\/un-aprehendido-por-pedido-de-paradero-activo-2\/","title":{"rendered":"Un aprehendido por pedido de paradero activo"},"content":{"rendered":"<p><!-- VideographyWP Plugin Message: Automatic video embedding prevented by plugin options. --><br \/>\nEste lunes promediando las 11:00 horas personal policial juntamente con el personal grupo GAD San Nicol\u00e1s procede a la aprehensi\u00f3n y posterior traslado a Dependencia de masculino de 33 a\u00f1os, quien registra pedido de paradero activo en Causa Judicial, solicitado por  el Juzgado en lo Correccional de San Nicol\u00e1s del a\u00f1o 2016, se cumplimentaron recaudos legales y se lo notifico de su comparendo a sede judicial fines ponerse a derecho.<\/p>\n","protected":false},"excerpt":{"rendered":"<p>Este lunes promediando las 11:00 horas personal policial juntamente con el personal grupo GAD San Nicol\u00e1s procede a la aprehensi\u00f3n y posterior traslado a Dependencia de masculino de 33 a\u00f1os, quien registra pedido de paradero activo en Causa Judicial, solicitado por el Juzgado en lo Correccional de San Nicol\u00e1s del a\u00f1o 2016, se cumplimentaron recaudos [&hellip;]<\/p>\n","protected":false},"author":4,"featured_media":20446,"comment_status":"open","ping_status":"closed","sticky":false,"template":"","format":"standard","meta":{"om_disable_all_campaigns":false,"_jetpack_memberships_contains_paid_content":false,"footnotes":""},"categories":[2,103],"tags":[],"class_list":["post-39972","post","type-post","status-publish","format-standard","has-post-thumbnail","hentry","category-locales","category-policiales-locales"],"aioseo_notices":[],"gutentor_comment":0,"jetpack_featured_media_url":"https:\/\/eldiariodesanpedro.com.ar\/sitio\/wp-content\/uploads\/2017\/07\/detenido-3-1.jpg","jetpack_shortlink":"https:\/\/wp.me\/p6RhLt-aoI","jetpack_sharing_enabled":true,"_links":{"self":[{"href":"https:\/\/eldiariodesanpedro.com.ar\/sitio\/wp-json\/wp\/v2\/posts\/39972","targetHints":{"allow":["GET"]}}],"collection":[{"href":"https:\/\/eldiariodesanpedro.com.ar\/sitio\/wp-json\/wp\/v2\/posts"}],"about":[{"href":"https:\/\/eldiariodesanpedro.com.ar\/sitio\/wp-json\/wp\/v2\/types\/post"}],"author":[{"embeddable":true,"href":"https:\/\/eldiariodesanpedro.com.ar\/sitio\/wp-json\/wp\/v2\/users\/4"}],"replies":[{"embeddable":true,"href":"https:\/\/eldiariodesanpedro.com.ar\/sitio\/wp-json\/wp\/v2\/comments?post=39972"}],"version-history":[{"count":1,"href":"https:\/\/eldiariodesanpedro.com.ar\/sitio\/wp-json\/wp\/v2\/posts\/39972\/revisions"}],"predecessor-version":[{"id":39973,"href":"https:\/\/eldiariodesanpedro.com.ar\/sitio\/wp-json\/wp\/v2\/posts\/39972\/revisions\/39973"}],"wp:featuredmedia":[{"embeddable":true,"href":"https:\/\/eldiariodesanpedro.com.ar\/sitio\/wp-json\/wp\/v2\/media\/20446"}],"wp:attachment":[{"href":"https:\/\/eldiariodesanpedro.com.ar\/sitio\/wp-json\/wp\/v2\/media?parent=39972"}],"wp:term":[{"taxonomy":"category","embeddable":true,"href":"https:\/\/eldiariodesanpedro.com.ar\/sitio\/wp-json\/wp\/v2\/categories?post=39972"},{"taxonomy":"post_tag","embeddable":true,"href":"https:\/\/eldiariodesanpedro.com.ar\/sitio\/wp-json\/wp\/v2\/tags?post=39972"}],"curies":[{"name":"wp","href":"https:\/\/api.w.org\/{rel}","templated":true}]}}