{"id":39970,"date":"2018-09-11T10:53:49","date_gmt":"2018-09-11T13:53:49","guid":{"rendered":"https:\/\/eldiariodesanpedro.com.ar\/sitio\/?p=39970"},"modified":"2018-09-11T10:53:49","modified_gmt":"2018-09-11T13:53:49","slug":"roban-elementos-varios-en-una-casa-de-la-zona-rural","status":"publish","type":"post","link":"https:\/\/eldiariodesanpedro.com.ar\/sitio\/roban-elementos-varios-en-una-casa-de-la-zona-rural\/","title":{"rendered":"Roban elementos varios en una casa de la zona rural"},"content":{"rendered":"<p><!-- VideographyWP Plugin Message: Automatic video embedding prevented by plugin options. --><br \/>\nEste lunes se radico una denuncia en la comisaria local de un masculino de 48 a\u00f1os, quien resulta ser propietario de un campo de 19 hect\u00e1reas, ubicado en callej\u00f3n Batalla s\/n Zona Rural de Gobernador Castro quien refiere que autor o autores ignorados tras ocasionar da\u00f1o en puerta de Galp\u00f3n sustrayendo de su interior herramientas de mano varias.<\/p>\n","protected":false},"excerpt":{"rendered":"<p>Este lunes se radico una denuncia en la comisaria local de un masculino de 48 a\u00f1os, quien resulta ser propietario de un campo de 19 hect\u00e1reas, ubicado en callej\u00f3n Batalla s\/n Zona Rural de Gobernador Castro quien refiere que autor o autores ignorados tras ocasionar da\u00f1o en puerta de Galp\u00f3n sustrayendo de su interior herramientas [&hellip;]<\/p>\n","protected":false},"author":4,"featured_media":20938,"comment_status":"open","ping_status":"closed","sticky":false,"template":"","format":"standard","meta":{"om_disable_all_campaigns":false,"_jetpack_memberships_contains_paid_content":false,"footnotes":""},"categories":[2,103],"tags":[],"class_list":["post-39970","post","type-post","status-publish","format-standard","has-post-thumbnail","hentry","category-locales","category-policiales-locales"],"aioseo_notices":[],"gutentor_comment":0,"jetpack_featured_media_url":"https:\/\/eldiariodesanpedro.com.ar\/sitio\/wp-content\/uploads\/2017\/07\/patrullero-rural.jpg","jetpack_shortlink":"https:\/\/wp.me\/p6RhLt-aoG","jetpack_sharing_enabled":true,"_links":{"self":[{"href":"https:\/\/eldiariodesanpedro.com.ar\/sitio\/wp-json\/wp\/v2\/posts\/39970","targetHints":{"allow":["GET"]}}],"collection":[{"href":"https:\/\/eldiariodesanpedro.com.ar\/sitio\/wp-json\/wp\/v2\/posts"}],"about":[{"href":"https:\/\/eldiariodesanpedro.com.ar\/sitio\/wp-json\/wp\/v2\/types\/post"}],"author":[{"embeddable":true,"href":"https:\/\/eldiariodesanpedro.com.ar\/sitio\/wp-json\/wp\/v2\/users\/4"}],"replies":[{"embeddable":true,"href":"https:\/\/eldiariodesanpedro.com.ar\/sitio\/wp-json\/wp\/v2\/comments?post=39970"}],"version-history":[{"count":1,"href":"https:\/\/eldiariodesanpedro.com.ar\/sitio\/wp-json\/wp\/v2\/posts\/39970\/revisions"}],"predecessor-version":[{"id":39971,"href":"https:\/\/eldiariodesanpedro.com.ar\/sitio\/wp-json\/wp\/v2\/posts\/39970\/revisions\/39971"}],"wp:featuredmedia":[{"embeddable":true,"href":"https:\/\/eldiariodesanpedro.com.ar\/sitio\/wp-json\/wp\/v2\/media\/20938"}],"wp:attachment":[{"href":"https:\/\/eldiariodesanpedro.com.ar\/sitio\/wp-json\/wp\/v2\/media?parent=39970"}],"wp:term":[{"taxonomy":"category","embeddable":true,"href":"https:\/\/eldiariodesanpedro.com.ar\/sitio\/wp-json\/wp\/v2\/categories?post=39970"},{"taxonomy":"post_tag","embeddable":true,"href":"https:\/\/eldiariodesanpedro.com.ar\/sitio\/wp-json\/wp\/v2\/tags?post=39970"}],"curies":[{"name":"wp","href":"https:\/\/api.w.org\/{rel}","templated":true}]}}