{"id":39968,"date":"2018-09-11T10:51:00","date_gmt":"2018-09-11T13:51:00","guid":{"rendered":"https:\/\/eldiariodesanpedro.com.ar\/sitio\/?p=39968"},"modified":"2018-09-11T10:51:00","modified_gmt":"2018-09-11T13:51:00","slug":"tres-casos-de-amenazas-uno-de-ellos-en-una-usurpacion","status":"publish","type":"post","link":"https:\/\/eldiariodesanpedro.com.ar\/sitio\/tres-casos-de-amenazas-uno-de-ellos-en-una-usurpacion\/","title":{"rendered":"Tres casos de amenazas, uno de ellos en una usurpaci\u00f3n"},"content":{"rendered":"<p><!-- VideographyWP Plugin Message: Automatic video embedding prevented by plugin options. --><br \/>\nEste lunes se recibieron la denuncia de tres ciudadanos mayores de edad en la comisar\u00eda local quienes dos de ellos refieren haber recibido amenazas en la v\u00eda p\u00fablica y uno en un conflicto por una usurpaci\u00f3n.<\/p>\n<p>La primera denuncia fue realizada por una ciudadana de 23 a\u00f1os, que refiere que en  el momento de encontrarse circulando por la v\u00eda p\u00fablica, calle Javier Rivero al 1200, recibe amenazas verbales por parte de otra mujer vecina del barrio desconociendo la denunciante los motivos de la agresi\u00f3n.<\/p>\n<p>Adem\u00e1s tambi\u00e9n de se recibi\u00f3 la denuncia de un masculino de 51 a\u00f1os, quien tambi\u00e9n circulaba de a pie por calle C. Pascual y V\u00edas del Ferrocarril, cuando se aproxima otro masculino a bordo de motocicleta refiriendo insultos y amenazas de muerte, para inmediato descender del rodado efectuando golpes de pu\u00f1o y marcharse del lugar, provocando lesiones leves. <\/p>\n<p>en tercer lugar se recibi\u00f3 la denuncia de un masculino de 33 a\u00f1os, que hace aproximadamente una semana un sujeto desconoce identidad, comenz\u00f3 a edificar una vivienda de material chapa a orillas del r\u00edo en campo propiedad de su progenitor, y al solicitarle que se retire del lugar, recibe amenazas por parte del mismo sujeto.<\/p>\n<p>En ambos hechos se lleva a cabo una investigaci\u00f3n por parte de la fiscal\u00eda en turno de San Pedro.<\/p>\n","protected":false},"excerpt":{"rendered":"<p>Este lunes se recibieron la denuncia de tres ciudadanos mayores de edad en la comisar\u00eda local quienes dos de ellos refieren haber recibido amenazas en la v\u00eda p\u00fablica y uno en un conflicto por una usurpaci\u00f3n. La primera denuncia fue realizada por una ciudadana de 23 a\u00f1os, que refiere que en el momento de encontrarse [&hellip;]<\/p>\n","protected":false},"author":4,"featured_media":16989,"comment_status":"open","ping_status":"closed","sticky":false,"template":"","format":"standard","meta":{"om_disable_all_campaigns":false,"_jetpack_memberships_contains_paid_content":false,"footnotes":""},"categories":[2,103],"tags":[],"class_list":["post-39968","post","type-post","status-publish","format-standard","has-post-thumbnail","hentry","category-locales","category-policiales-locales"],"aioseo_notices":[],"gutentor_comment":0,"jetpack_featured_media_url":"https:\/\/eldiariodesanpedro.com.ar\/sitio\/wp-content\/uploads\/2017\/04\/DSC_0221-e1492514769862.jpg","jetpack_shortlink":"https:\/\/wp.me\/p6RhLt-aoE","jetpack_sharing_enabled":true,"_links":{"self":[{"href":"https:\/\/eldiariodesanpedro.com.ar\/sitio\/wp-json\/wp\/v2\/posts\/39968","targetHints":{"allow":["GET"]}}],"collection":[{"href":"https:\/\/eldiariodesanpedro.com.ar\/sitio\/wp-json\/wp\/v2\/posts"}],"about":[{"href":"https:\/\/eldiariodesanpedro.com.ar\/sitio\/wp-json\/wp\/v2\/types\/post"}],"author":[{"embeddable":true,"href":"https:\/\/eldiariodesanpedro.com.ar\/sitio\/wp-json\/wp\/v2\/users\/4"}],"replies":[{"embeddable":true,"href":"https:\/\/eldiariodesanpedro.com.ar\/sitio\/wp-json\/wp\/v2\/comments?post=39968"}],"version-history":[{"count":1,"href":"https:\/\/eldiariodesanpedro.com.ar\/sitio\/wp-json\/wp\/v2\/posts\/39968\/revisions"}],"predecessor-version":[{"id":39969,"href":"https:\/\/eldiariodesanpedro.com.ar\/sitio\/wp-json\/wp\/v2\/posts\/39968\/revisions\/39969"}],"wp:featuredmedia":[{"embeddable":true,"href":"https:\/\/eldiariodesanpedro.com.ar\/sitio\/wp-json\/wp\/v2\/media\/16989"}],"wp:attachment":[{"href":"https:\/\/eldiariodesanpedro.com.ar\/sitio\/wp-json\/wp\/v2\/media?parent=39968"}],"wp:term":[{"taxonomy":"category","embeddable":true,"href":"https:\/\/eldiariodesanpedro.com.ar\/sitio\/wp-json\/wp\/v2\/categories?post=39968"},{"taxonomy":"post_tag","embeddable":true,"href":"https:\/\/eldiariodesanpedro.com.ar\/sitio\/wp-json\/wp\/v2\/tags?post=39968"}],"curies":[{"name":"wp","href":"https:\/\/api.w.org\/{rel}","templated":true}]}}