{"id":39966,"date":"2018-09-11T10:45:07","date_gmt":"2018-09-11T13:45:07","guid":{"rendered":"https:\/\/eldiariodesanpedro.com.ar\/sitio\/?p=39966"},"modified":"2018-09-11T10:45:07","modified_gmt":"2018-09-11T13:45:07","slug":"se-secuestro-un-vehiculo-con-documentacion-apocrifa","status":"publish","type":"post","link":"https:\/\/eldiariodesanpedro.com.ar\/sitio\/se-secuestro-un-vehiculo-con-documentacion-apocrifa\/","title":{"rendered":"Se secuestr\u00f3 un veh\u00edculo con documentaci\u00f3n ap\u00f3crifa"},"content":{"rendered":"<p><!-- VideographyWP Plugin Message: Automatic video embedding prevented by plugin options. --><br \/>\nEste lunes en horas de la tarde en un amplio operativo en ruta 1001 y acceso a R\u00edo Tala en el que estuvieron presentes el personal del Destacamento R\u00edo Tala en conjunto con Vial San Pedro y  patrullas Rurales, proceden a la demora de un ciudadano de 58 a\u00f1os, quien al identificarlo y solicitar documentaci\u00f3n de su autom\u00f3vil marca Volkswagen, mismo presenta documentaci\u00f3n y VTV de veh\u00edculo de figuraci\u00f3n ap\u00f3crifa. <\/p>\n<p>Se labraron las actuaciones correspondientes con intervenci\u00f3n de la Fiscal\u00eda en turno de San pedro, disponiendo para el aprehendido recaudos legales y posterior libertad.<\/p>\n","protected":false},"excerpt":{"rendered":"<p>Este lunes en horas de la tarde en un amplio operativo en ruta 1001 y acceso a R\u00edo Tala en el que estuvieron presentes el personal del Destacamento R\u00edo Tala en conjunto con Vial San Pedro y patrullas Rurales, proceden a la demora de un ciudadano de 58 a\u00f1os, quien al identificarlo y solicitar documentaci\u00f3n [&hellip;]<\/p>\n","protected":false},"author":4,"featured_media":5487,"comment_status":"open","ping_status":"closed","sticky":false,"template":"","format":"standard","meta":{"om_disable_all_campaigns":false,"_jetpack_memberships_contains_paid_content":false,"footnotes":""},"categories":[2,103],"tags":[],"class_list":["post-39966","post","type-post","status-publish","format-standard","has-post-thumbnail","hentry","category-locales","category-policiales-locales"],"aioseo_notices":[],"gutentor_comment":0,"jetpack_featured_media_url":"https:\/\/eldiariodesanpedro.com.ar\/sitio\/wp-content\/uploads\/2016\/06\/patrulla-policia.jpg","jetpack_shortlink":"https:\/\/wp.me\/p6RhLt-aoC","jetpack_sharing_enabled":true,"_links":{"self":[{"href":"https:\/\/eldiariodesanpedro.com.ar\/sitio\/wp-json\/wp\/v2\/posts\/39966","targetHints":{"allow":["GET"]}}],"collection":[{"href":"https:\/\/eldiariodesanpedro.com.ar\/sitio\/wp-json\/wp\/v2\/posts"}],"about":[{"href":"https:\/\/eldiariodesanpedro.com.ar\/sitio\/wp-json\/wp\/v2\/types\/post"}],"author":[{"embeddable":true,"href":"https:\/\/eldiariodesanpedro.com.ar\/sitio\/wp-json\/wp\/v2\/users\/4"}],"replies":[{"embeddable":true,"href":"https:\/\/eldiariodesanpedro.com.ar\/sitio\/wp-json\/wp\/v2\/comments?post=39966"}],"version-history":[{"count":1,"href":"https:\/\/eldiariodesanpedro.com.ar\/sitio\/wp-json\/wp\/v2\/posts\/39966\/revisions"}],"predecessor-version":[{"id":39967,"href":"https:\/\/eldiariodesanpedro.com.ar\/sitio\/wp-json\/wp\/v2\/posts\/39966\/revisions\/39967"}],"wp:featuredmedia":[{"embeddable":true,"href":"https:\/\/eldiariodesanpedro.com.ar\/sitio\/wp-json\/wp\/v2\/media\/5487"}],"wp:attachment":[{"href":"https:\/\/eldiariodesanpedro.com.ar\/sitio\/wp-json\/wp\/v2\/media?parent=39966"}],"wp:term":[{"taxonomy":"category","embeddable":true,"href":"https:\/\/eldiariodesanpedro.com.ar\/sitio\/wp-json\/wp\/v2\/categories?post=39966"},{"taxonomy":"post_tag","embeddable":true,"href":"https:\/\/eldiariodesanpedro.com.ar\/sitio\/wp-json\/wp\/v2\/tags?post=39966"}],"curies":[{"name":"wp","href":"https:\/\/api.w.org\/{rel}","templated":true}]}}