{"id":39964,"date":"2018-09-11T10:37:10","date_gmt":"2018-09-11T13:37:10","guid":{"rendered":"https:\/\/eldiariodesanpedro.com.ar\/sitio\/?p=39964"},"modified":"2018-09-11T10:37:10","modified_gmt":"2018-09-11T13:37:10","slug":"un-hombre-golpeo-a-su-hija-en-una-rina-familiar","status":"publish","type":"post","link":"https:\/\/eldiariodesanpedro.com.ar\/sitio\/un-hombre-golpeo-a-su-hija-en-una-rina-familiar\/","title":{"rendered":"Un hombre golpe\u00f3 a su hija en una ri\u00f1a familiar"},"content":{"rendered":"<p><!-- VideographyWP Plugin Message: Automatic video embedding prevented by plugin options. --><br \/>\nEste lunes se produjo un conflicto familiar en un domicilio de calle Las Provincias donde un hombre agredi\u00f3 a sus hijas.<\/p>\n<p>El hecho ocurri\u00f3 en la tarde de este lunes en un domicilio ubicado en calle Las Provincias al 1500 donde se hizo presente un m\u00f3vil policial por un conflicto familiar, en el lugar se aprehende a un hombre de 68 a\u00f1os de edad quien seg\u00fan sus familiares seria quien agredi\u00f3 a una de sus hijas mediante golpes ademas de amenazarla de muerte, resultando con lesiones leves.<\/p>\n<p>En el interior del domicilio los efectivos lograron secuestrar un arma de fuego tipo pistolon propiedad del aprehendido quien fue trasladado a sede policial donde permaneci\u00f3 a disposici\u00f3n de la justicia y las victimas fueron asistidas en la comisaria de la Mujer.<\/p>\n","protected":false},"excerpt":{"rendered":"<p>Este lunes se produjo un conflicto familiar en un domicilio de calle Las Provincias donde un hombre agredi\u00f3 a sus hijas. El hecho ocurri\u00f3 en la tarde de este lunes en un domicilio ubicado en calle Las Provincias al 1500 donde se hizo presente un m\u00f3vil policial por un conflicto familiar, en el lugar se [&hellip;]<\/p>\n","protected":false},"author":4,"featured_media":30195,"comment_status":"open","ping_status":"closed","sticky":false,"template":"","format":"standard","meta":{"om_disable_all_campaigns":false,"_jetpack_memberships_contains_paid_content":false,"footnotes":""},"categories":[2,103],"tags":[],"class_list":["post-39964","post","type-post","status-publish","format-standard","has-post-thumbnail","hentry","category-locales","category-policiales-locales"],"aioseo_notices":[],"gutentor_comment":0,"jetpack_featured_media_url":"https:\/\/eldiariodesanpedro.com.ar\/sitio\/wp-content\/uploads\/2018\/03\/Aprehendido-y-ofuscado.jpg","jetpack_shortlink":"https:\/\/wp.me\/p6RhLt-aoA","jetpack_sharing_enabled":true,"_links":{"self":[{"href":"https:\/\/eldiariodesanpedro.com.ar\/sitio\/wp-json\/wp\/v2\/posts\/39964","targetHints":{"allow":["GET"]}}],"collection":[{"href":"https:\/\/eldiariodesanpedro.com.ar\/sitio\/wp-json\/wp\/v2\/posts"}],"about":[{"href":"https:\/\/eldiariodesanpedro.com.ar\/sitio\/wp-json\/wp\/v2\/types\/post"}],"author":[{"embeddable":true,"href":"https:\/\/eldiariodesanpedro.com.ar\/sitio\/wp-json\/wp\/v2\/users\/4"}],"replies":[{"embeddable":true,"href":"https:\/\/eldiariodesanpedro.com.ar\/sitio\/wp-json\/wp\/v2\/comments?post=39964"}],"version-history":[{"count":1,"href":"https:\/\/eldiariodesanpedro.com.ar\/sitio\/wp-json\/wp\/v2\/posts\/39964\/revisions"}],"predecessor-version":[{"id":39965,"href":"https:\/\/eldiariodesanpedro.com.ar\/sitio\/wp-json\/wp\/v2\/posts\/39964\/revisions\/39965"}],"wp:featuredmedia":[{"embeddable":true,"href":"https:\/\/eldiariodesanpedro.com.ar\/sitio\/wp-json\/wp\/v2\/media\/30195"}],"wp:attachment":[{"href":"https:\/\/eldiariodesanpedro.com.ar\/sitio\/wp-json\/wp\/v2\/media?parent=39964"}],"wp:term":[{"taxonomy":"category","embeddable":true,"href":"https:\/\/eldiariodesanpedro.com.ar\/sitio\/wp-json\/wp\/v2\/categories?post=39964"},{"taxonomy":"post_tag","embeddable":true,"href":"https:\/\/eldiariodesanpedro.com.ar\/sitio\/wp-json\/wp\/v2\/tags?post=39964"}],"curies":[{"name":"wp","href":"https:\/\/api.w.org\/{rel}","templated":true}]}}