{"id":39951,"date":"2018-09-10T21:05:39","date_gmt":"2018-09-11T00:05:39","guid":{"rendered":"https:\/\/eldiariodesanpedro.com.ar\/sitio\/?p=39951"},"modified":"2018-09-10T21:05:39","modified_gmt":"2018-09-11T00:05:39","slug":"dos-automoviles-con-prohibicion-de-circular-fueron-secuestrados","status":"publish","type":"post","link":"https:\/\/eldiariodesanpedro.com.ar\/sitio\/dos-automoviles-con-prohibicion-de-circular-fueron-secuestrados\/","title":{"rendered":"Dos autom\u00f3viles con prohibici\u00f3n de circular fueron secuestrados"},"content":{"rendered":"<p><!-- VideographyWP Plugin Message: Automatic video embedding prevented by plugin options. --><br \/>\n  Personal policial de Gobernador Castro, en Camino Guzzo y Ruta Lucio Mansilla, procedi\u00f3 a la interceptaci\u00f3n de un autom\u00f3vil Renault Megane y otro Volkswagen Gol, ambos conducidos por hombres mayores de edad.<br \/>\n  Tras la consulta a la Red al sistema inform\u00e1tico, los veh\u00edculos resultaron tener \u201cProhibici\u00f3n de circular\u201d, por lo cual se procedi\u00f3 al secuestro de los mismos y de sus respectivas tarjetas verdes.<br \/>\n  Interviene el Juzgado de Faltas San Pedro.<\/p>\n","protected":false},"excerpt":{"rendered":"<p>Personal policial de Gobernador Castro, en Camino Guzzo y Ruta Lucio Mansilla, procedi\u00f3 a la interceptaci\u00f3n de un autom\u00f3vil Renault Megane y otro Volkswagen Gol, ambos conducidos por hombres mayores de edad. Tras la consulta a la Red al sistema inform\u00e1tico, los veh\u00edculos resultaron tener \u201cProhibici\u00f3n de circular\u201d, por lo cual se procedi\u00f3 al secuestro [&hellip;]<\/p>\n","protected":false},"author":4,"featured_media":19583,"comment_status":"open","ping_status":"closed","sticky":false,"template":"","format":"standard","meta":{"om_disable_all_campaigns":false,"_jetpack_memberships_contains_paid_content":false,"footnotes":""},"categories":[2,103],"tags":[],"class_list":["post-39951","post","type-post","status-publish","format-standard","has-post-thumbnail","hentry","category-locales","category-policiales-locales"],"aioseo_notices":[],"gutentor_comment":0,"jetpack_featured_media_url":"https:\/\/eldiariodesanpedro.com.ar\/sitio\/wp-content\/uploads\/2017\/06\/policia.jpg","jetpack_shortlink":"https:\/\/wp.me\/p6RhLt-aon","jetpack_sharing_enabled":true,"_links":{"self":[{"href":"https:\/\/eldiariodesanpedro.com.ar\/sitio\/wp-json\/wp\/v2\/posts\/39951","targetHints":{"allow":["GET"]}}],"collection":[{"href":"https:\/\/eldiariodesanpedro.com.ar\/sitio\/wp-json\/wp\/v2\/posts"}],"about":[{"href":"https:\/\/eldiariodesanpedro.com.ar\/sitio\/wp-json\/wp\/v2\/types\/post"}],"author":[{"embeddable":true,"href":"https:\/\/eldiariodesanpedro.com.ar\/sitio\/wp-json\/wp\/v2\/users\/4"}],"replies":[{"embeddable":true,"href":"https:\/\/eldiariodesanpedro.com.ar\/sitio\/wp-json\/wp\/v2\/comments?post=39951"}],"version-history":[{"count":2,"href":"https:\/\/eldiariodesanpedro.com.ar\/sitio\/wp-json\/wp\/v2\/posts\/39951\/revisions"}],"predecessor-version":[{"id":39957,"href":"https:\/\/eldiariodesanpedro.com.ar\/sitio\/wp-json\/wp\/v2\/posts\/39951\/revisions\/39957"}],"wp:featuredmedia":[{"embeddable":true,"href":"https:\/\/eldiariodesanpedro.com.ar\/sitio\/wp-json\/wp\/v2\/media\/19583"}],"wp:attachment":[{"href":"https:\/\/eldiariodesanpedro.com.ar\/sitio\/wp-json\/wp\/v2\/media?parent=39951"}],"wp:term":[{"taxonomy":"category","embeddable":true,"href":"https:\/\/eldiariodesanpedro.com.ar\/sitio\/wp-json\/wp\/v2\/categories?post=39951"},{"taxonomy":"post_tag","embeddable":true,"href":"https:\/\/eldiariodesanpedro.com.ar\/sitio\/wp-json\/wp\/v2\/tags?post=39951"}],"curies":[{"name":"wp","href":"https:\/\/api.w.org\/{rel}","templated":true}]}}