{"id":39950,"date":"2018-09-10T21:04:51","date_gmt":"2018-09-11T00:04:51","guid":{"rendered":"https:\/\/eldiariodesanpedro.com.ar\/sitio\/?p=39950"},"modified":"2018-09-10T21:04:51","modified_gmt":"2018-09-11T00:04:51","slug":"un-aprehendido-tras-intentar-golpear-a-un-oficial","status":"publish","type":"post","link":"https:\/\/eldiariodesanpedro.com.ar\/sitio\/un-aprehendido-tras-intentar-golpear-a-un-oficial\/","title":{"rendered":"Un aprehendido tras intentar golpear a un oficial"},"content":{"rendered":"<p><!-- VideographyWP Plugin Message: Automatic video embedding prevented by plugin options. --><br \/>\nEste domingo en Av. Espa\u00f1a y Na\u00f3n, personal policial procedi\u00f3 a la aprehensi\u00f3n de un hombre mayor de edad, quien circulaba a bordo veh\u00edculo VW Senda sin la documentaci\u00f3n correspondiente.<br \/>\n  Cuando personal de Inspecci\u00f3n de Tr\u00e1nsito municipal procedi\u00f3 al secuestro del mismo, el sujeto intent\u00f3 agredir al personal, pero afortunadamente no logr\u00f3 su objetivo. Adem\u00e1s, se resisti\u00f3 a la autoridad.<br \/>\n  Interviene la UFI N\u00b0 11 y la Departamental.<\/p>\n","protected":false},"excerpt":{"rendered":"<p>Este domingo en Av. Espa\u00f1a y Na\u00f3n, personal policial procedi\u00f3 a la aprehensi\u00f3n de un hombre mayor de edad, quien circulaba a bordo veh\u00edculo VW Senda sin la documentaci\u00f3n correspondiente. Cuando personal de Inspecci\u00f3n de Tr\u00e1nsito municipal procedi\u00f3 al secuestro del mismo, el sujeto intent\u00f3 agredir al personal, pero afortunadamente no logr\u00f3 su objetivo. Adem\u00e1s, [&hellip;]<\/p>\n","protected":false},"author":4,"featured_media":31829,"comment_status":"open","ping_status":"closed","sticky":false,"template":"","format":"standard","meta":{"om_disable_all_campaigns":false,"_jetpack_memberships_contains_paid_content":false,"footnotes":""},"categories":[2,103],"tags":[],"class_list":["post-39950","post","type-post","status-publish","format-standard","has-post-thumbnail","hentry","category-locales","category-policiales-locales"],"aioseo_notices":[],"gutentor_comment":0,"jetpack_featured_media_url":"https:\/\/eldiariodesanpedro.com.ar\/sitio\/wp-content\/uploads\/2018\/04\/detenido_658x400_0.jpg","jetpack_shortlink":"https:\/\/wp.me\/p6RhLt-aom","jetpack_sharing_enabled":true,"_links":{"self":[{"href":"https:\/\/eldiariodesanpedro.com.ar\/sitio\/wp-json\/wp\/v2\/posts\/39950","targetHints":{"allow":["GET"]}}],"collection":[{"href":"https:\/\/eldiariodesanpedro.com.ar\/sitio\/wp-json\/wp\/v2\/posts"}],"about":[{"href":"https:\/\/eldiariodesanpedro.com.ar\/sitio\/wp-json\/wp\/v2\/types\/post"}],"author":[{"embeddable":true,"href":"https:\/\/eldiariodesanpedro.com.ar\/sitio\/wp-json\/wp\/v2\/users\/4"}],"replies":[{"embeddable":true,"href":"https:\/\/eldiariodesanpedro.com.ar\/sitio\/wp-json\/wp\/v2\/comments?post=39950"}],"version-history":[{"count":2,"href":"https:\/\/eldiariodesanpedro.com.ar\/sitio\/wp-json\/wp\/v2\/posts\/39950\/revisions"}],"predecessor-version":[{"id":39955,"href":"https:\/\/eldiariodesanpedro.com.ar\/sitio\/wp-json\/wp\/v2\/posts\/39950\/revisions\/39955"}],"wp:featuredmedia":[{"embeddable":true,"href":"https:\/\/eldiariodesanpedro.com.ar\/sitio\/wp-json\/wp\/v2\/media\/31829"}],"wp:attachment":[{"href":"https:\/\/eldiariodesanpedro.com.ar\/sitio\/wp-json\/wp\/v2\/media?parent=39950"}],"wp:term":[{"taxonomy":"category","embeddable":true,"href":"https:\/\/eldiariodesanpedro.com.ar\/sitio\/wp-json\/wp\/v2\/categories?post=39950"},{"taxonomy":"post_tag","embeddable":true,"href":"https:\/\/eldiariodesanpedro.com.ar\/sitio\/wp-json\/wp\/v2\/tags?post=39950"}],"curies":[{"name":"wp","href":"https:\/\/api.w.org\/{rel}","templated":true}]}}