{"id":39949,"date":"2018-09-10T21:04:49","date_gmt":"2018-09-11T00:04:49","guid":{"rendered":"https:\/\/eldiariodesanpedro.com.ar\/sitio\/?p=39949"},"modified":"2018-09-10T21:04:49","modified_gmt":"2018-09-11T00:04:49","slug":"continuan-los-ilicitos-a-manos-de-motochorros","status":"publish","type":"post","link":"https:\/\/eldiariodesanpedro.com.ar\/sitio\/continuan-los-ilicitos-a-manos-de-motochorros\/","title":{"rendered":"Contin\u00faan los il\u00edcitos a manos de motochorros"},"content":{"rendered":"<p><!-- VideographyWP Plugin Message: Automatic video embedding prevented by plugin options. --><br \/>\nUna mujer circulaba a bordo de su motocicleta el domingo por las inmediaciones de calles 9 de julio y Salta, cuando dos hombres que tambi\u00e9n circulaban en motocicleta se le pusieron a la par y le sustrajeron su tel\u00e9fono celular, el cual la mujer llevaba en el bolsillo trasero de su pantal\u00f3n.<br \/>\n  La mujer radic\u00f3 la denuncia en la Comisar\u00eda. Interviene en el hecho la UFi N\u00b0 11 y la Departamental<\/p>\n","protected":false},"excerpt":{"rendered":"<p>Una mujer circulaba a bordo de su motocicleta el domingo por las inmediaciones de calles 9 de julio y Salta, cuando dos hombres que tambi\u00e9n circulaban en motocicleta se le pusieron a la par y le sustrajeron su tel\u00e9fono celular, el cual la mujer llevaba en el bolsillo trasero de su pantal\u00f3n. La mujer radic\u00f3 [&hellip;]<\/p>\n","protected":false},"author":4,"featured_media":12495,"comment_status":"open","ping_status":"closed","sticky":false,"template":"","format":"standard","meta":{"om_disable_all_campaigns":false,"_jetpack_memberships_contains_paid_content":false,"footnotes":""},"categories":[2,103],"tags":[],"class_list":["post-39949","post","type-post","status-publish","format-standard","has-post-thumbnail","hentry","category-locales","category-policiales-locales"],"aioseo_notices":[],"gutentor_comment":0,"jetpack_featured_media_url":"https:\/\/eldiariodesanpedro.com.ar\/sitio\/wp-content\/uploads\/2017\/01\/motochorro-1.jpg","jetpack_shortlink":"https:\/\/wp.me\/p6RhLt-aol","jetpack_sharing_enabled":true,"_links":{"self":[{"href":"https:\/\/eldiariodesanpedro.com.ar\/sitio\/wp-json\/wp\/v2\/posts\/39949","targetHints":{"allow":["GET"]}}],"collection":[{"href":"https:\/\/eldiariodesanpedro.com.ar\/sitio\/wp-json\/wp\/v2\/posts"}],"about":[{"href":"https:\/\/eldiariodesanpedro.com.ar\/sitio\/wp-json\/wp\/v2\/types\/post"}],"author":[{"embeddable":true,"href":"https:\/\/eldiariodesanpedro.com.ar\/sitio\/wp-json\/wp\/v2\/users\/4"}],"replies":[{"embeddable":true,"href":"https:\/\/eldiariodesanpedro.com.ar\/sitio\/wp-json\/wp\/v2\/comments?post=39949"}],"version-history":[{"count":2,"href":"https:\/\/eldiariodesanpedro.com.ar\/sitio\/wp-json\/wp\/v2\/posts\/39949\/revisions"}],"predecessor-version":[{"id":39956,"href":"https:\/\/eldiariodesanpedro.com.ar\/sitio\/wp-json\/wp\/v2\/posts\/39949\/revisions\/39956"}],"wp:featuredmedia":[{"embeddable":true,"href":"https:\/\/eldiariodesanpedro.com.ar\/sitio\/wp-json\/wp\/v2\/media\/12495"}],"wp:attachment":[{"href":"https:\/\/eldiariodesanpedro.com.ar\/sitio\/wp-json\/wp\/v2\/media?parent=39949"}],"wp:term":[{"taxonomy":"category","embeddable":true,"href":"https:\/\/eldiariodesanpedro.com.ar\/sitio\/wp-json\/wp\/v2\/categories?post=39949"},{"taxonomy":"post_tag","embeddable":true,"href":"https:\/\/eldiariodesanpedro.com.ar\/sitio\/wp-json\/wp\/v2\/tags?post=39949"}],"curies":[{"name":"wp","href":"https:\/\/api.w.org\/{rel}","templated":true}]}}