{"id":39939,"date":"2018-09-10T20:00:35","date_gmt":"2018-09-10T23:00:35","guid":{"rendered":"https:\/\/eldiariodesanpedro.com.ar\/sitio\/?p=39939"},"modified":"2018-09-10T20:00:35","modified_gmt":"2018-09-10T23:00:35","slug":"un-automovil-colisiono-de-lleno-a-un-arbol","status":"publish","type":"post","link":"https:\/\/eldiariodesanpedro.com.ar\/sitio\/un-automovil-colisiono-de-lleno-a-un-arbol\/","title":{"rendered":"Un autom\u00f3vil colision\u00f3 de lleno a un \u00e1rbol"},"content":{"rendered":"<p><!-- VideographyWP Plugin Message: Automatic video embedding prevented by plugin options. --><br \/>\nEste lunes en las primeras horas del d\u00eda en Nuestra Se\u00f1ora del Socorro entre Col\u00f3n y Honorio Pueyrred\u00f3n donde un Ford Escort conducido por un joven acompa\u00f1ado de una mujer y un bebe de 7 meses, habr\u00eda mordi\u00f3 el cord\u00f3n perdiendo el control y colisionando de frente contra una planta. <\/p>\n<p>En la ma\u00f1ana de este lunes alrededor de las 8.30 hs un auto guiado por un joven que circulaba por Nuestra Se\u00f1ora del Socorro entre Col\u00f3n y Honorio Pueyrred\u00f3n impact\u00f3 de lleno contra un \u00e1rbol ubicado sobre la vereda izquierda, seg\u00fan se pudo establecer el autom\u00f3vil Ford Escort pis\u00f3 el cord\u00f3n y perdi\u00f3 el control. <\/p>\n<p>Como consecuencia el automovilista fue trasladado en ambulancia al Hospital Emilio Ruffa donde se constat\u00f3 que present\u00f3 escoriaciones en su rostro, la mujer se le diagnostic\u00f3 un traumatismo de cr\u00e1neo y quedando internada en observaci\u00f3n y un beb\u00e9 de siete meses el cual es asistido en la guardia de pediatr\u00eda.<\/p>\n","protected":false},"excerpt":{"rendered":"<p>Este lunes en las primeras horas del d\u00eda en Nuestra Se\u00f1ora del Socorro entre Col\u00f3n y Honorio Pueyrred\u00f3n donde un Ford Escort conducido por un joven acompa\u00f1ado de una mujer y un bebe de 7 meses, habr\u00eda mordi\u00f3 el cord\u00f3n perdiendo el control y colisionando de frente contra una planta. En la ma\u00f1ana de este [&hellip;]<\/p>\n","protected":false},"author":4,"featured_media":39940,"comment_status":"open","ping_status":"closed","sticky":false,"template":"","format":"standard","meta":{"om_disable_all_campaigns":false,"_jetpack_memberships_contains_paid_content":false,"footnotes":""},"categories":[50,2,103],"tags":[],"class_list":["post-39939","post","type-post","status-publish","format-standard","has-post-thumbnail","hentry","category-destacadas","category-locales","category-policiales-locales"],"aioseo_notices":[],"gutentor_comment":0,"jetpack_featured_media_url":"https:\/\/eldiariodesanpedro.com.ar\/sitio\/wp-content\/uploads\/2018\/09\/PAGINA-3.jpg","jetpack_shortlink":"https:\/\/wp.me\/p6RhLt-aob","jetpack_sharing_enabled":true,"_links":{"self":[{"href":"https:\/\/eldiariodesanpedro.com.ar\/sitio\/wp-json\/wp\/v2\/posts\/39939","targetHints":{"allow":["GET"]}}],"collection":[{"href":"https:\/\/eldiariodesanpedro.com.ar\/sitio\/wp-json\/wp\/v2\/posts"}],"about":[{"href":"https:\/\/eldiariodesanpedro.com.ar\/sitio\/wp-json\/wp\/v2\/types\/post"}],"author":[{"embeddable":true,"href":"https:\/\/eldiariodesanpedro.com.ar\/sitio\/wp-json\/wp\/v2\/users\/4"}],"replies":[{"embeddable":true,"href":"https:\/\/eldiariodesanpedro.com.ar\/sitio\/wp-json\/wp\/v2\/comments?post=39939"}],"version-history":[{"count":1,"href":"https:\/\/eldiariodesanpedro.com.ar\/sitio\/wp-json\/wp\/v2\/posts\/39939\/revisions"}],"predecessor-version":[{"id":39941,"href":"https:\/\/eldiariodesanpedro.com.ar\/sitio\/wp-json\/wp\/v2\/posts\/39939\/revisions\/39941"}],"wp:featuredmedia":[{"embeddable":true,"href":"https:\/\/eldiariodesanpedro.com.ar\/sitio\/wp-json\/wp\/v2\/media\/39940"}],"wp:attachment":[{"href":"https:\/\/eldiariodesanpedro.com.ar\/sitio\/wp-json\/wp\/v2\/media?parent=39939"}],"wp:term":[{"taxonomy":"category","embeddable":true,"href":"https:\/\/eldiariodesanpedro.com.ar\/sitio\/wp-json\/wp\/v2\/categories?post=39939"},{"taxonomy":"post_tag","embeddable":true,"href":"https:\/\/eldiariodesanpedro.com.ar\/sitio\/wp-json\/wp\/v2\/tags?post=39939"}],"curies":[{"name":"wp","href":"https:\/\/api.w.org\/{rel}","templated":true}]}}