{"id":39936,"date":"2018-09-10T19:13:11","date_gmt":"2018-09-10T22:13:11","guid":{"rendered":"https:\/\/eldiariodesanpedro.com.ar\/sitio\/?p=39936"},"modified":"2018-09-10T19:13:11","modified_gmt":"2018-09-10T22:13:11","slug":"los-scouts-san-pedro-celebraron-sus-80-anos-de-vida","status":"publish","type":"post","link":"https:\/\/eldiariodesanpedro.com.ar\/sitio\/los-scouts-san-pedro-celebraron-sus-80-anos-de-vida\/","title":{"rendered":"Los Scouts San Pedro celebraron sus 80 a\u00f1os de vida"},"content":{"rendered":"<p><!-- VideographyWP Plugin Message: Automatic video embedding prevented by plugin options. --><br \/>\nLa entra\u00f1able entidad realiz\u00f3 distintas actividades para conmemorar la significativa fecha. Los scout concurrieron al busto de Fray Cayetano Rodr\u00edguez, nombre que lleva la instituci\u00f3n y luego acompa\u00f1aron la procesi\u00f3n de la virgen.<\/p>\n<p>Los Scouts \u201cFray Cayetano Rodr\u00edguez\u201d son una de las instituciones con m\u00e1s historia de la ciudad y el 8 de septiembre festejaron sus 80 a\u00f1os. Dentro de las actividades diagramadas para ese d\u00eda y como en cada aniversario los participantes concurrieron a la plazoleta Fray Cayetano Rodr\u00edguez a rendirle honor al pr\u00f3cer con cuyo nombre fue bautizada la entidad y luego acompa\u00f1aron a la virgen Nuestra Se\u00f1ora del Socorro durante la procesi\u00f3n y la virgen.<\/p>\n<p>A lo largo de todos estos a\u00f1os los Scout han sabido sortear distintas momentos dif\u00edciles y mucho tuvo que ver la colaboraci\u00f3n de padres y directivos para que la instituci\u00f3n pueda permanecer y congregar a un buen n\u00famero de Scouts. Hoy concurren unos 30 participantes de distintas edades.  <\/p>\n<p>Los Scouts de San Pedro tienen su sede en la esquina de 11 de Septiembre y G\u00fcemes, y es una entidad que realiza actividades educativas para chicos entre los 7 y 21 a\u00f1os de edad. Su misi\u00f3n es la de co-educar como complemento educativo hogar-escuela, tratando de formar chicos con valores, fieles a dios y a la Patria, \u00fatiles para los dem\u00e1s y para s\u00ed mismos.<\/p>\n<p>Existe el comprometidos con la comunidad y cuidadosos de su entorno natural, aprendiendo mediante juegos y sobre fijando metas y orientando su accionar desde el 8 de septiembre del a\u00f1o 1938 que fue cuando se fund\u00f3.<\/p>\n<p>Fuente:San Pedro Informa<\/p>\n","protected":false},"excerpt":{"rendered":"<p>La entra\u00f1able entidad realiz\u00f3 distintas actividades para conmemorar la significativa fecha. Los scout concurrieron al busto de Fray Cayetano Rodr\u00edguez, nombre que lleva la instituci\u00f3n y luego acompa\u00f1aron la procesi\u00f3n de la virgen. Los Scouts \u201cFray Cayetano Rodr\u00edguez\u201d son una de las instituciones con m\u00e1s historia de la ciudad y el 8 de septiembre festejaron [&hellip;]<\/p>\n","protected":false},"author":4,"featured_media":39937,"comment_status":"open","ping_status":"closed","sticky":false,"template":"","format":"standard","meta":{"om_disable_all_campaigns":false,"_jetpack_memberships_contains_paid_content":false,"footnotes":""},"categories":[101,2],"tags":[],"class_list":["post-39936","post","type-post","status-publish","format-standard","has-post-thumbnail","hentry","category-interes-general-locales","category-locales"],"aioseo_notices":[],"gutentor_comment":0,"jetpack_featured_media_url":"https:\/\/eldiariodesanpedro.com.ar\/sitio\/wp-content\/uploads\/2018\/09\/PAGINA-4.jpg","jetpack_shortlink":"https:\/\/wp.me\/p6RhLt-ao8","jetpack_sharing_enabled":true,"_links":{"self":[{"href":"https:\/\/eldiariodesanpedro.com.ar\/sitio\/wp-json\/wp\/v2\/posts\/39936","targetHints":{"allow":["GET"]}}],"collection":[{"href":"https:\/\/eldiariodesanpedro.com.ar\/sitio\/wp-json\/wp\/v2\/posts"}],"about":[{"href":"https:\/\/eldiariodesanpedro.com.ar\/sitio\/wp-json\/wp\/v2\/types\/post"}],"author":[{"embeddable":true,"href":"https:\/\/eldiariodesanpedro.com.ar\/sitio\/wp-json\/wp\/v2\/users\/4"}],"replies":[{"embeddable":true,"href":"https:\/\/eldiariodesanpedro.com.ar\/sitio\/wp-json\/wp\/v2\/comments?post=39936"}],"version-history":[{"count":1,"href":"https:\/\/eldiariodesanpedro.com.ar\/sitio\/wp-json\/wp\/v2\/posts\/39936\/revisions"}],"predecessor-version":[{"id":39938,"href":"https:\/\/eldiariodesanpedro.com.ar\/sitio\/wp-json\/wp\/v2\/posts\/39936\/revisions\/39938"}],"wp:featuredmedia":[{"embeddable":true,"href":"https:\/\/eldiariodesanpedro.com.ar\/sitio\/wp-json\/wp\/v2\/media\/39937"}],"wp:attachment":[{"href":"https:\/\/eldiariodesanpedro.com.ar\/sitio\/wp-json\/wp\/v2\/media?parent=39936"}],"wp:term":[{"taxonomy":"category","embeddable":true,"href":"https:\/\/eldiariodesanpedro.com.ar\/sitio\/wp-json\/wp\/v2\/categories?post=39936"},{"taxonomy":"post_tag","embeddable":true,"href":"https:\/\/eldiariodesanpedro.com.ar\/sitio\/wp-json\/wp\/v2\/tags?post=39936"}],"curies":[{"name":"wp","href":"https:\/\/api.w.org\/{rel}","templated":true}]}}