{"id":39932,"date":"2018-09-10T18:25:35","date_gmt":"2018-09-10T21:25:35","guid":{"rendered":"https:\/\/eldiariodesanpedro.com.ar\/sitio\/?p=39932"},"modified":"2018-09-10T18:25:35","modified_gmt":"2018-09-10T21:25:35","slug":"escobar-mas-de-dos-cuadras-de-cola-para-dejar-un-curriculum","status":"publish","type":"post","link":"https:\/\/eldiariodesanpedro.com.ar\/sitio\/escobar-mas-de-dos-cuadras-de-cola-para-dejar-un-curriculum\/","title":{"rendered":"ESCOBAR: M\u00e1s de dos cuadras de cola para dejar un curr\u00edculum"},"content":{"rendered":"<p><!-- VideographyWP Plugin Message: Automatic video embedding prevented by plugin options. --><br \/>\nM\u00e1s de mil quinientas personas se presentaron en el Centro de Atenci\u00f3n al Vecino ante una convocatoria del Municipio para incorporar doscientos preventores comunitarios y agentes de tr\u00e1nsito. Una cara elocuente de la crisis.<br \/>\nHoras y horas bajo los tibios rayos del sol a la expectativa de conseguir un trabajo para hacerle frente a una situaci\u00f3n social y econ\u00f3mica cada vez m\u00e1s dif\u00edcil. Esta semana, en las puertas del Centro de Atenci\u00f3n al Vecino se vio una de las caras m\u00e1s dolorosas de la crisis que atraviesa el pa\u00eds: miles de personas haciendo cola para dejar su curr\u00edculum vitae ante una convocatoria del Municipio para incorporar preventores comunitarios y agentes de tr\u00e1nsito<\/p>\n<p>La b\u00fasqueda est\u00e1 direccionada a personas mayores de edad, prioritariamente residentes del partido de Escobar y con estudios secundario completos, para cubrir 100 vacantes de agentes de Prevenci\u00f3n Comunitaria y supervisores de c\u00e1maras de seguridad en el Centro de Monitoreo y otros tantos agentes de tr\u00e1nsito y Seguridad Vial. En este \u00faltimo caso, se solicitaba a personas de hasta 40 a\u00f1os.<\/p>\n<p>Desde el mi\u00e9rcoles hasta este s\u00e1bado, una multitud se agolp\u00f3 en la entrada de la dependencia municipal sita en la avenida 25 de Mayo 459, donde la cola lleg\u00f3 a superar las dos cuadras y la espera super\u00f3 el par de horas. De hecho, ante tanta concurrencia por un momento las autoridades municipales evaluaron la posibilidad de mudar la b\u00fasqueda a la Casa de la Cultura. <\/p>\n<p>Algunos esperaron en el lugar desde las primeras horas de la madrugada y fue recurrente la asistencia de los empleados de la Oficina de Empleo repartiendo botellas de agua desde las 8 hasta las 15. Por cada d\u00eda se entregaron 400 n\u00fameros.<\/p>\n<p>Quienes sean elegidos atravesar\u00e1n un proceso de capacitaci\u00f3n profesional, donde recibir\u00e1n una asignaci\u00f3n est\u00edmulo. Luego de cumplir esta fase de formaci\u00f3n, ingresar\u00e1n por orden de m\u00e9rito a los equipos de trabajo.<\/p>\n<p>Desde el Municipio se\u00f1alaron que con este proceso se busca \u201ctransparentar la selecci\u00f3n del personal y profesionalizar la plantilla de personal\u201d.<\/p>\n<p>Por Alejo Porjolovsky<\/p>\n<p>Fuente: El D\u00eda de Escobar<\/p>\n","protected":false},"excerpt":{"rendered":"<p>M\u00e1s de mil quinientas personas se presentaron en el Centro de Atenci\u00f3n al Vecino ante una convocatoria del Municipio para incorporar doscientos preventores comunitarios y agentes de tr\u00e1nsito. Una cara elocuente de la crisis. Horas y horas bajo los tibios rayos del sol a la expectativa de conseguir un trabajo para hacerle frente a una [&hellip;]<\/p>\n","protected":false},"author":4,"featured_media":39934,"comment_status":"open","ping_status":"closed","sticky":false,"template":"","format":"standard","meta":{"om_disable_all_campaigns":false,"_jetpack_memberships_contains_paid_content":false,"footnotes":""},"categories":[621],"tags":[],"class_list":["post-39932","post","type-post","status-publish","format-standard","has-post-thumbnail","hentry","category-regionales"],"aioseo_notices":[],"gutentor_comment":0,"jetpack_featured_media_url":"https:\/\/eldiariodesanpedro.com.ar\/sitio\/wp-content\/uploads\/2018\/09\/img_0218.jpg","jetpack_shortlink":"https:\/\/wp.me\/p6RhLt-ao4","jetpack_sharing_enabled":true,"_links":{"self":[{"href":"https:\/\/eldiariodesanpedro.com.ar\/sitio\/wp-json\/wp\/v2\/posts\/39932","targetHints":{"allow":["GET"]}}],"collection":[{"href":"https:\/\/eldiariodesanpedro.com.ar\/sitio\/wp-json\/wp\/v2\/posts"}],"about":[{"href":"https:\/\/eldiariodesanpedro.com.ar\/sitio\/wp-json\/wp\/v2\/types\/post"}],"author":[{"embeddable":true,"href":"https:\/\/eldiariodesanpedro.com.ar\/sitio\/wp-json\/wp\/v2\/users\/4"}],"replies":[{"embeddable":true,"href":"https:\/\/eldiariodesanpedro.com.ar\/sitio\/wp-json\/wp\/v2\/comments?post=39932"}],"version-history":[{"count":2,"href":"https:\/\/eldiariodesanpedro.com.ar\/sitio\/wp-json\/wp\/v2\/posts\/39932\/revisions"}],"predecessor-version":[{"id":39935,"href":"https:\/\/eldiariodesanpedro.com.ar\/sitio\/wp-json\/wp\/v2\/posts\/39932\/revisions\/39935"}],"wp:featuredmedia":[{"embeddable":true,"href":"https:\/\/eldiariodesanpedro.com.ar\/sitio\/wp-json\/wp\/v2\/media\/39934"}],"wp:attachment":[{"href":"https:\/\/eldiariodesanpedro.com.ar\/sitio\/wp-json\/wp\/v2\/media?parent=39932"}],"wp:term":[{"taxonomy":"category","embeddable":true,"href":"https:\/\/eldiariodesanpedro.com.ar\/sitio\/wp-json\/wp\/v2\/categories?post=39932"},{"taxonomy":"post_tag","embeddable":true,"href":"https:\/\/eldiariodesanpedro.com.ar\/sitio\/wp-json\/wp\/v2\/tags?post=39932"}],"curies":[{"name":"wp","href":"https:\/\/api.w.org\/{rel}","templated":true}]}}