{"id":39929,"date":"2018-09-10T18:02:26","date_gmt":"2018-09-10T21:02:26","guid":{"rendered":"https:\/\/eldiariodesanpedro.com.ar\/sitio\/?p=39929"},"modified":"2018-09-10T18:02:26","modified_gmt":"2018-09-10T21:02:26","slug":"baradero-la-banda-del-pato-fontanet-solicito-el-uso-del-anfiteatro-de-baradero-se-viene-el-show","status":"publish","type":"post","link":"https:\/\/eldiariodesanpedro.com.ar\/sitio\/baradero-la-banda-del-pato-fontanet-solicito-el-uso-del-anfiteatro-de-baradero-se-viene-el-show\/","title":{"rendered":"BARADERO: La Banda del Pato Fontanet solicit\u00f3 el uso del Anfiteatro de Baradero \u00bfse viene el show?"},"content":{"rendered":"<p><!-- VideographyWP Plugin Message: Automatic video embedding prevented by plugin options. --><br \/>\nEl expediente fue tratado en la sesi\u00f3n del martes pasado. Seg\u00fan revel\u00f3 el Semanario La Aut\u00e9ntica Opini\u00f3n \u201cel productor del evento solicit\u00f3 el uso del predio municipal para concretar cuatro recitales en diciembre\u201d. De aprobarse, ser\u00e1 la cuarta vez de \u201cDon Osvaldo\u201d en nuestra ciudad.<\/p>\n<p>En la sesi\u00f3n ordinaria del Honorable Concejo Deliberante, llevada a cabo este martes a la noche, pas\u00f3 casi inadvertido un expediente que figur\u00f3 en el orden del d\u00eda como solicitud de \u201creserva formal del anfiteatro para realizar recital de rock\u201d.<\/p>\n<p>As\u00ed fue le\u00eddo y su aprobaci\u00f3n como expediente entrado cont\u00f3 con el voto de todos los concejales para que se pase a la comisi\u00f3n de obras, que se reuni\u00f3 el mi\u00e9rcoles a la ma\u00f1ana.<\/p>\n<p>Lo que resolvieron fue el pase al ejecutivo para que autorice o desestime el uso del anfiteatro. Lo que corresponder\u00e1 luego a los concejales es definir el porcentaje de canon a pagar ya que la mayor\u00eda de las veces, o casi todas, los organizadores de eventos piden una exenci\u00f3n del 100 %.<\/p>\n<p>Por ahora, est\u00e1 en manos de la intendenta que se concrete.<\/p>\n<p>Desde La Aut\u00e9ntica Opini\u00f3n consultamos mas detalles sobre los alcances de esta solicitud y no se trata de rock sino que las fechas pedidas para utilizar el anfiteatro municipal son cuatro  sabado 1\u00ba, domingo 2\u00ba, s\u00e1bado 8 y domingo 9 de diciembre de este a\u00f1o. Es decir los dos primeros fines de semana del ultimo mes.<\/p>\n<p>Quien lo solicita es Mart\u00edn Cornide de Rocanmusic S.R.L. La misma productora que trajo a La Renga en 2015.<\/p>\n<p>Entre los artistas que aparecen en la web de la productora est\u00e1n Ojos Locos, Sue\u00f1o de Pescado, Superl\u00f3gico, Viejo Farol, La Mocosa y Un segundo es demasiado.<\/p>\n<p>Aunque el nombre de la banda que pretenden traer a Baradero es Don Osvaldo, as\u00ed nos fue informado extraoficialmente a nuestro medio.<\/p>\n<p>El grupo de rock integrado por Pato Fontanet quiere pisar nuevamente suelo baraderense. Recordamos que el ex cantante de Callejeros y Casi justicia social qued\u00f3 en libertad en mayo de este a\u00f1o por medio del Juzgado de Ejecuci\u00f3n penal. Y Don Osvaldo sali\u00f3 de gira por el pa\u00eds para hacer presentaciones en Corrientes, Salta, Tucuman, C\u00f3rdoba y Mendoza.<\/p>\n<p>Tambi\u00e9n difundieron el video de \u201cEl reto\u201d, grabado en vivo este a\u00f1o en La Plaza, C\u00f3rdoba.<\/p>\n<p>De concretarse, ser\u00e1 la cuarta vez que Fontanet toque en Baradero.<\/p>\n<p>Primero estuvieron en abril de 2012 con Casi justicia social, y estrenaron el tema \u201cDos secas\u201d.<\/p>\n<p>Llegaron 8 mil seguidores. Ese mismo a\u00f1o cerraron diciembre con 2 presentaciones y cerca de 20 mil personas dijeron \u201cpresente\u201d.<\/p>\n<p>\u201cSomos sobrevivientes, no criminales\u201d fue una de las frases de Fontanet hacia el p\u00fablico.<\/p>\n<p>Y en 2015 realizaron 3 recitales bajo el nombre de Don Osvaldo. Ahora, tres a\u00f1os despu\u00e9s, buscan superarse con 4 fechas en diciembre.<\/p>\n<p>Con respecto a Cornide es un sobreviviente de Croma\u00f1on. Luego de recuperarse en el Hospital Posadas de las lesiones que sufri\u00f3 decidi\u00f3 crear una empresa de viajes para garantizar seguridad a la hora de trasladarse y con el objetivo de disfrutar de los espect\u00e1culos musicales. Su idea se ampli\u00f3 y logr\u00f3 conformar una empresa no solo de viajes para recitales sino tambi\u00e9n de turismo y arm\u00f3 una productora.<\/p>\n<p> Fuente: Semanario La Aut\u00e9ntica Opini\u00f3n<\/p>\n","protected":false},"excerpt":{"rendered":"<p>El expediente fue tratado en la sesi\u00f3n del martes pasado. Seg\u00fan revel\u00f3 el Semanario La Aut\u00e9ntica Opini\u00f3n \u201cel productor del evento solicit\u00f3 el uso del predio municipal para concretar cuatro recitales en diciembre\u201d. De aprobarse, ser\u00e1 la cuarta vez de \u201cDon Osvaldo\u201d en nuestra ciudad. En la sesi\u00f3n ordinaria del Honorable Concejo Deliberante, llevada a [&hellip;]<\/p>\n","protected":false},"author":4,"featured_media":39930,"comment_status":"open","ping_status":"closed","sticky":false,"template":"","format":"standard","meta":{"om_disable_all_campaigns":false,"_jetpack_memberships_contains_paid_content":false,"footnotes":""},"categories":[2],"tags":[],"class_list":["post-39929","post","type-post","status-publish","format-standard","has-post-thumbnail","hentry","category-locales"],"aioseo_notices":[],"gutentor_comment":0,"jetpack_featured_media_url":"https:\/\/eldiariodesanpedro.com.ar\/sitio\/wp-content\/uploads\/2018\/09\/aa-flash_129.jpg","jetpack_shortlink":"https:\/\/wp.me\/p6RhLt-ao1","jetpack_sharing_enabled":true,"_links":{"self":[{"href":"https:\/\/eldiariodesanpedro.com.ar\/sitio\/wp-json\/wp\/v2\/posts\/39929","targetHints":{"allow":["GET"]}}],"collection":[{"href":"https:\/\/eldiariodesanpedro.com.ar\/sitio\/wp-json\/wp\/v2\/posts"}],"about":[{"href":"https:\/\/eldiariodesanpedro.com.ar\/sitio\/wp-json\/wp\/v2\/types\/post"}],"author":[{"embeddable":true,"href":"https:\/\/eldiariodesanpedro.com.ar\/sitio\/wp-json\/wp\/v2\/users\/4"}],"replies":[{"embeddable":true,"href":"https:\/\/eldiariodesanpedro.com.ar\/sitio\/wp-json\/wp\/v2\/comments?post=39929"}],"version-history":[{"count":1,"href":"https:\/\/eldiariodesanpedro.com.ar\/sitio\/wp-json\/wp\/v2\/posts\/39929\/revisions"}],"predecessor-version":[{"id":39931,"href":"https:\/\/eldiariodesanpedro.com.ar\/sitio\/wp-json\/wp\/v2\/posts\/39929\/revisions\/39931"}],"wp:featuredmedia":[{"embeddable":true,"href":"https:\/\/eldiariodesanpedro.com.ar\/sitio\/wp-json\/wp\/v2\/media\/39930"}],"wp:attachment":[{"href":"https:\/\/eldiariodesanpedro.com.ar\/sitio\/wp-json\/wp\/v2\/media?parent=39929"}],"wp:term":[{"taxonomy":"category","embeddable":true,"href":"https:\/\/eldiariodesanpedro.com.ar\/sitio\/wp-json\/wp\/v2\/categories?post=39929"},{"taxonomy":"post_tag","embeddable":true,"href":"https:\/\/eldiariodesanpedro.com.ar\/sitio\/wp-json\/wp\/v2\/tags?post=39929"}],"curies":[{"name":"wp","href":"https:\/\/api.w.org\/{rel}","templated":true}]}}