{"id":39926,"date":"2018-09-10T17:58:50","date_gmt":"2018-09-10T20:58:50","guid":{"rendered":"https:\/\/eldiariodesanpedro.com.ar\/sitio\/?p=39926"},"modified":"2018-09-10T17:58:50","modified_gmt":"2018-09-10T20:58:50","slug":"san-nicolas-un-merendero-en-el-corazon-de-la-pobreza","status":"publish","type":"post","link":"https:\/\/eldiariodesanpedro.com.ar\/sitio\/san-nicolas-un-merendero-en-el-corazon-de-la-pobreza\/","title":{"rendered":"SAN NICOL\u00c1S: Un merendero en el coraz\u00f3n de la pobreza"},"content":{"rendered":"<p><!-- VideographyWP Plugin Message: Automatic video embedding prevented by plugin options. --><br \/>\nEn barrio Las Mellizas funciona el comedor y merendero comunitario \u201cAlimentando corazoncitos\u201d. Asisten diariamente con la merienda reforzada y la cena a 90 ni\u00f1os y ni\u00f1as que hoy no pueden tener un plato de comida en sus casas.<\/p>\n<p>En calle Chopin al 375, del barrio Las Mellizas, funciona desde octubre del a\u00f1o pasado, el comedor y merendero comunitario \u00abAlimentando corazoncitos\u00bb, que est\u00e1 a cargo de Mar\u00eda del Carmen Huerta, militante del Movimiento Evita.<\/p>\n<p>Junto a Roxana y Guadalupe, tambi\u00e9n del Movimiento Evita, y otras mujeres militantes y comprometidas con la realidad de su barrio como  Fiama, Vanesa, Roc\u00edo y Jessica, del Movimiento de Trabajadores Exclu\u00eddos (MTE), le hacen frente a la crisis en uno de los barrios m\u00e1s postergados de la ciudad.<\/p>\n<p>Asisten diariamente con la merienda reforzada y la cena a 90 ni\u00f1os y ni\u00f1as que hoy no pueden tener un plato de comida en sus casas.<\/p>\n<p>\u201cLa crisis econ\u00f3mica y social que padece nuestro pa\u00eds y que lamentablemente hoy nos castiga a todos, en estas barriadas est\u00e1 llegando a l\u00edmites insospechados, amenazando la subsistencia y el normal crecimiento de nuestros ni\u00f1os\u201d, coment\u00f3 uno de los responsables territoriales del Movimiento Evita, consultado por EL NORTE.<\/p>\n<p>Mar\u00eda nos cont\u00f3 que resiste gracias a la mercader\u00eda que le brinda el Movimiento Evita a trav\u00e9s del Ministerio de Desarrollo Social, a una panader\u00eda que les da el pan y su marido, tambi\u00e9n militante del MTE, que todos los d\u00edas recorre la ciudad con su carro y a veces consigue carcasas, carne o verduras.<\/p>\n<p>Pero no alcanza, a pesar de que las compa\u00f1eras del MTE aportan $100 mensuales de su bolsillo para poder afrontar otros gastos como utensilios de cocina, garrafa, etc.<\/p>\n<p>Referentes del Movimiento Evita afirmaron que \u00ablas organizaciones sociales y fundamentalmente los militantes y sus familias que viven en las barriadas, realizan una tarea de contenci\u00f3n social muy importante en esta crisis. Ante la ausencia del Estado, son estas organizaciones las que evitan que se rompa el d\u00e9bil tejido social afectado por el terrible aumento de los precios de la canasta b\u00e1sica de alimentos, por el desempleo, por la devaluaci\u00f3n, por las recetas del FMI que este gobierno continuar\u00e1 aplicando y que s\u00f3lo puede traer m\u00e1s ajuste, m\u00e1s hambre\u201d.<\/p>\n<p>\u201cNosotros somos los que estamos parando los saqueos. Por eso estamos convocando a todos los sectores, a los comerciantes y empresarios que bajaron considerablemente sus ventas, cuando los alquileres, impuestos y servicios no paran de subir. A los trabajadores, que perdieron m\u00e1s de la mitad de su poder adquisitivo por culpa de la devaluaci\u00f3n. Porque otra vez estamos yendo a un callej\u00f3n sin salida, y si queremos preservar la democracia y evitar la violencia, el reclamo debe ser mayoritario, de todos los sectores en conjunto\u201d.<\/p>\n<p>\u201cPor eso reclamamos la urgente aprobaci\u00f3n y aplicaci\u00f3n de Ley de Emergencia Alimentaria. Por eso convocamos a todos los sectores a manifestarse en contra de las pol\u00edticas de ajuste del FMI. Por eso este pr\u00f3ximo mi\u00e9rcoles 12 de septiembre estaremos manifest\u00e1ndonos a la vera de la Autopista, porque creemos en la justicia social y defendemos los valores democr\u00e1ticos, pero fundamentalmente no queremos que el hambre se transforme en violencia y termine por destruir a nuestro pueblo\u201d.-<\/p>\n","protected":false},"excerpt":{"rendered":"<p>En barrio Las Mellizas funciona el comedor y merendero comunitario \u201cAlimentando corazoncitos\u201d. Asisten diariamente con la merienda reforzada y la cena a 90 ni\u00f1os y ni\u00f1as que hoy no pueden tener un plato de comida en sus casas. En calle Chopin al 375, del barrio Las Mellizas, funciona desde octubre del a\u00f1o pasado, el comedor [&hellip;]<\/p>\n","protected":false},"author":4,"featured_media":39927,"comment_status":"open","ping_status":"closed","sticky":false,"template":"","format":"standard","meta":{"om_disable_all_campaigns":false,"_jetpack_memberships_contains_paid_content":false,"footnotes":""},"categories":[621],"tags":[],"class_list":["post-39926","post","type-post","status-publish","format-standard","has-post-thumbnail","hentry","category-regionales"],"aioseo_notices":[],"gutentor_comment":0,"jetpack_featured_media_url":"https:\/\/eldiariodesanpedro.com.ar\/sitio\/wp-content\/uploads\/2018\/09\/elnorte5b962ddb0651c_7-merendero-3c.jpg","jetpack_shortlink":"https:\/\/wp.me\/p6RhLt-anY","jetpack_sharing_enabled":true,"_links":{"self":[{"href":"https:\/\/eldiariodesanpedro.com.ar\/sitio\/wp-json\/wp\/v2\/posts\/39926","targetHints":{"allow":["GET"]}}],"collection":[{"href":"https:\/\/eldiariodesanpedro.com.ar\/sitio\/wp-json\/wp\/v2\/posts"}],"about":[{"href":"https:\/\/eldiariodesanpedro.com.ar\/sitio\/wp-json\/wp\/v2\/types\/post"}],"author":[{"embeddable":true,"href":"https:\/\/eldiariodesanpedro.com.ar\/sitio\/wp-json\/wp\/v2\/users\/4"}],"replies":[{"embeddable":true,"href":"https:\/\/eldiariodesanpedro.com.ar\/sitio\/wp-json\/wp\/v2\/comments?post=39926"}],"version-history":[{"count":1,"href":"https:\/\/eldiariodesanpedro.com.ar\/sitio\/wp-json\/wp\/v2\/posts\/39926\/revisions"}],"predecessor-version":[{"id":39928,"href":"https:\/\/eldiariodesanpedro.com.ar\/sitio\/wp-json\/wp\/v2\/posts\/39926\/revisions\/39928"}],"wp:featuredmedia":[{"embeddable":true,"href":"https:\/\/eldiariodesanpedro.com.ar\/sitio\/wp-json\/wp\/v2\/media\/39927"}],"wp:attachment":[{"href":"https:\/\/eldiariodesanpedro.com.ar\/sitio\/wp-json\/wp\/v2\/media?parent=39926"}],"wp:term":[{"taxonomy":"category","embeddable":true,"href":"https:\/\/eldiariodesanpedro.com.ar\/sitio\/wp-json\/wp\/v2\/categories?post=39926"},{"taxonomy":"post_tag","embeddable":true,"href":"https:\/\/eldiariodesanpedro.com.ar\/sitio\/wp-json\/wp\/v2\/tags?post=39926"}],"curies":[{"name":"wp","href":"https:\/\/api.w.org\/{rel}","templated":true}]}}