{"id":39922,"date":"2018-09-10T17:34:00","date_gmt":"2018-09-10T20:34:00","guid":{"rendered":"https:\/\/eldiariodesanpedro.com.ar\/sitio\/?p=39922"},"modified":"2018-09-10T17:34:00","modified_gmt":"2018-09-10T20:34:00","slug":"los-docentes-tendran-50-de-descuento-en-la-compra-de-indumentaria","status":"publish","type":"post","link":"https:\/\/eldiariodesanpedro.com.ar\/sitio\/los-docentes-tendran-50-de-descuento-en-la-compra-de-indumentaria\/","title":{"rendered":"Los docentes tendr\u00e1n 50% de descuento en la compra de indumentaria"},"content":{"rendered":"<p><!-- VideographyWP Plugin Message: Automatic video embedding prevented by plugin options. --><br \/>\nBanco Provincia anunci\u00f3 una promoci\u00f3n especial para celebrar el D\u00eda del Maestro este 11 de septiembre. El beneficio implica un descuento del 50 por ciento para los docentes en las compras del rubro indumentaria.<\/p>\n<p>\u201cComo parte de nuestro rol de banco p\u00fablico pusimos a disposici\u00f3n de los clientes el beneficio del descuento del 50 por ciento en supermercados y, con la misma filosof\u00eda, ofrecemos ahora a nuestros clientes docentes la posibilidad de acceder a un descuento del 50 por ciento para la compra de indumentaria\u201d, explic\u00f3 Juan Curutchet, presidente del Banco Provincia.<\/p>\n<p>El descuento es para las compras realizadas el martes 11 de septiembre con tarjetas de d\u00e9bito en un solo pago y hasta tres cuotas sin inter\u00e9s para las tarjetas de cr\u00e9dito y con un tope de reintegro de 1.000 pesos.<\/p>\n<p>La promoci\u00f3n estar\u00e1 disponible en 786 locales comerciales adheridos en toda la Provincia y en la Ciudad de Buenos Aires.<\/p>\n<p>\u201cEl beneficio alcanza a todos los docentes que sean clientes de Banco Provincia y cumple con el doble objetivo de sostener el consumo y mejorar el ingreso de los trabajadores de la educaci\u00f3n\u201d, agreg\u00f3 Curutchet.<\/p>\n","protected":false},"excerpt":{"rendered":"<p>Banco Provincia anunci\u00f3 una promoci\u00f3n especial para celebrar el D\u00eda del Maestro este 11 de septiembre. El beneficio implica un descuento del 50 por ciento para los docentes en las compras del rubro indumentaria. \u201cComo parte de nuestro rol de banco p\u00fablico pusimos a disposici\u00f3n de los clientes el beneficio del descuento del 50 por [&hellip;]<\/p>\n","protected":false},"author":4,"featured_media":39924,"comment_status":"open","ping_status":"closed","sticky":false,"template":"","format":"standard","meta":{"om_disable_all_campaigns":false,"_jetpack_memberships_contains_paid_content":false,"footnotes":""},"categories":[101,2],"tags":[],"class_list":["post-39922","post","type-post","status-publish","format-standard","has-post-thumbnail","hentry","category-interes-general-locales","category-locales"],"aioseo_notices":[],"gutentor_comment":0,"jetpack_featured_media_url":"https:\/\/eldiariodesanpedro.com.ar\/sitio\/wp-content\/uploads\/2018\/09\/076c17eff47e18e085e1778120739aa0.jpg","jetpack_shortlink":"https:\/\/wp.me\/p6RhLt-anU","jetpack_sharing_enabled":true,"_links":{"self":[{"href":"https:\/\/eldiariodesanpedro.com.ar\/sitio\/wp-json\/wp\/v2\/posts\/39922","targetHints":{"allow":["GET"]}}],"collection":[{"href":"https:\/\/eldiariodesanpedro.com.ar\/sitio\/wp-json\/wp\/v2\/posts"}],"about":[{"href":"https:\/\/eldiariodesanpedro.com.ar\/sitio\/wp-json\/wp\/v2\/types\/post"}],"author":[{"embeddable":true,"href":"https:\/\/eldiariodesanpedro.com.ar\/sitio\/wp-json\/wp\/v2\/users\/4"}],"replies":[{"embeddable":true,"href":"https:\/\/eldiariodesanpedro.com.ar\/sitio\/wp-json\/wp\/v2\/comments?post=39922"}],"version-history":[{"count":1,"href":"https:\/\/eldiariodesanpedro.com.ar\/sitio\/wp-json\/wp\/v2\/posts\/39922\/revisions"}],"predecessor-version":[{"id":39925,"href":"https:\/\/eldiariodesanpedro.com.ar\/sitio\/wp-json\/wp\/v2\/posts\/39922\/revisions\/39925"}],"wp:featuredmedia":[{"embeddable":true,"href":"https:\/\/eldiariodesanpedro.com.ar\/sitio\/wp-json\/wp\/v2\/media\/39924"}],"wp:attachment":[{"href":"https:\/\/eldiariodesanpedro.com.ar\/sitio\/wp-json\/wp\/v2\/media?parent=39922"}],"wp:term":[{"taxonomy":"category","embeddable":true,"href":"https:\/\/eldiariodesanpedro.com.ar\/sitio\/wp-json\/wp\/v2\/categories?post=39922"},{"taxonomy":"post_tag","embeddable":true,"href":"https:\/\/eldiariodesanpedro.com.ar\/sitio\/wp-json\/wp\/v2\/tags?post=39922"}],"curies":[{"name":"wp","href":"https:\/\/api.w.org\/{rel}","templated":true}]}}